{"id":25623,"date":"2016-07-27T12:44:28","date_gmt":"2016-07-27T12:44:28","guid":{"rendered":"http:\/\/plazajuarez.mx\/index\/index.php\/2016\/07\/27\/longoria-dedica-mensaje-a-los-latinos\/"},"modified":"2016-07-27T12:44:28","modified_gmt":"2016-07-27T12:44:28","slug":"longoria-dedica-mensaje-a-los-latinos","status":"publish","type":"post","link":"https:\/\/plazajuarez.mx\/historico\/longoria-dedica-mensaje-a-los-latinos\/","title":{"rendered":"Longoria dedica mensaje a los latinos"},"content":{"rendered":"<p style=\"text-align: justify;\">De acuerdo con Variety, Longoria, de ascendencia mexicana, extern\u00f3 su apoyo a Hillary Clinton y record\u00f3 cuando Trump llam\u00f3 a los latinos criminales y violadores<\/p>\n<p>  <!--more-->  <\/p>\n<p style=\"text-align: justify;\">La actriz Eva Longoria dedic\u00f3 un mensaje a Donald Trump durante la noche de apertura de la Convenci\u00f3n Nacional Dem\u00f3crata, donde present\u00f3 al senador por Nueva Jersey, Cory Booker.<br \/>De acuerdo con Variety, Longoria, de ascendencia mexicana, extern\u00f3 su apoyo a Hillary Clinton y record\u00f3 cuando Trump llam\u00f3 a los latinos criminales y violadores.<br \/>\u201cComo muchos de ustedes, estas elecciones son muy personales para m\u00ed. Soy de un peque\u00f1o pueblo del sur de Texas. Y si saben de historia, Texas antes era parte de M\u00e9xico. As\u00ed que cuando Donald Trump nos llama criminales y violadores, est\u00e1 insultando a familias estadounidenses. Mi padre no es un criminal ni un violador. De hecho, es un veterano de Estados Unidos. Cuando Trump se burl\u00f3 cruelmente de un reportero discapacitado (el reportero del New York Times, Serge Kovaleski), tambi\u00e9n se estaba burlando de mi hermanita Lisa, quien tiene necesidades especiales, y de muchos como ella. Cuando dijo que una esposa que trabaja es \u2018algo muy peligroso\u2019, no solamente me insult\u00f3 a m\u00ed, sino tambi\u00e9n a mi madre quien trabaj\u00f3 como maestra de educaci\u00f3n especial por 30 a\u00f1os, cri\u00f3 cuatro hijos\u2026, siendo adem\u00e1s una esposa\u201d, dijo la tambi\u00e9n productora. <br \/>\u201cCreo en una candidata que creen en todos nosotros, y esa candidata es Hillary Clinton\u2026 es la candidata a la presidencia mejor calificada de todos los tiempos\u201d.<br \/>Cuando present\u00f3 a Booker, Longoria dijo: \u201cEstoy muy orgullosa de estar aqu\u00ed para presentar a mi querido amigo Cory Booker. Pero antes, quiero que analices tu Convenci\u00f3n, Philadelphia: una latina del sur de Texas est\u00e1 presentando al primer senador de la raza negra de Nueva Jersey, la misma semana en la que vamos a nominar a la primera candidata femenina a la presidencia de Estados Unidos\u2026 As\u00ed que, adivina qu\u00e9 Donald, resulta que Am\u00e9rica ya es bastante incre\u00edble\u201d.<\/p>\n","protected":false},"excerpt":{"rendered":"<p>De acuerdo con Variety, Longoria, de ascendencia mexicana, extern\u00f3 su apoyo a Hillary Clinton y record\u00f3 cuando Trump llam\u00f3 a los latinos criminales y violadores<\/p>\n","protected":false},"author":93,"featured_media":0,"comment_status":"open","ping_status":"open","sticky":false,"template":"","format":"standard","meta":{"footnotes":""},"categories":[38],"tags":[],"class_list":["post-25623","post","type-post","status-publish","format-standard","hentry","category-show"],"_links":{"self":[{"href":"https:\/\/plazajuarez.mx\/historico\/wp-json\/wp\/v2\/posts\/25623","targetHints":{"allow":["GET"]}}],"collection":[{"href":"https:\/\/plazajuarez.mx\/historico\/wp-json\/wp\/v2\/posts"}],"about":[{"href":"https:\/\/plazajuarez.mx\/historico\/wp-json\/wp\/v2\/types\/post"}],"author":[{"embeddable":true,"href":"https:\/\/plazajuarez.mx\/historico\/wp-json\/wp\/v2\/users\/93"}],"replies":[{"embeddable":true,"href":"https:\/\/plazajuarez.mx\/historico\/wp-json\/wp\/v2\/comments?post=25623"}],"version-history":[{"count":0,"href":"https:\/\/plazajuarez.mx\/historico\/wp-json\/wp\/v2\/posts\/25623\/revisions"}],"wp:attachment":[{"href":"https:\/\/plazajuarez.mx\/historico\/wp-json\/wp\/v2\/media?parent=25623"}],"wp:term":[{"taxonomy":"category","embeddable":true,"href":"https:\/\/plazajuarez.mx\/historico\/wp-json\/wp\/v2\/categories?post=25623"},{"taxonomy":"post_tag","embeddable":true,"href":"https:\/\/plazajuarez.mx\/historico\/wp-json\/wp\/v2\/tags?post=25623"}],"curies":[{"name":"wp","href":"https:\/\/api.w.org\/{rel}","templated":true}]}}