{"id":25621,"date":"2016-07-27T12:43:54","date_gmt":"2016-07-27T12:43:54","guid":{"rendered":"http:\/\/plazajuarez.mx\/index\/index.php\/2016\/07\/27\/alberto-vazquez-cancela-shows-por-paralisis-facial\/"},"modified":"2016-07-27T12:43:54","modified_gmt":"2016-07-27T12:43:54","slug":"alberto-vazquez-cancela-shows-por-paralisis-facial","status":"publish","type":"post","link":"https:\/\/plazajuarez.mx\/historico\/alberto-vazquez-cancela-shows-por-paralisis-facial\/","title":{"rendered":"Alberto V\u00e1zquez cancela shows por par\u00e1lisis facial"},"content":{"rendered":"<p style=\"text-align: justify;\">Tras cancelar en febrero pasado uno de los shows que tendr\u00eda junto a Enrique Guzm\u00e1n en Puebla, Alberto V\u00e1zquez ha tenido que volver a dejar a un lado el escenario en lo que recupera su salud completamente, ahora por una par\u00e1lisis facial que lo obliga a suspender su participaci\u00f3n en el show \u201cLos grandes del rock\u201d.<\/p>\n<p>  <!--more-->  <\/p>\n<p style=\"text-align: justify;\">A pesar de que s\u00f3lo faltaban unos d\u00edas para que V\u00e1zquez se presentara en compa\u00f1\u00eda de Ang\u00e9lica Mar\u00eda, Enrique Guzm\u00e1n y C\u00e9sar Costa en el Auditorio Nacional, Omar Su\u00e1rez Entertainment, empresa que lleva el show, anunci\u00f3 la salida del cantante.<br \/>\u201cSe informa al p\u00fablico que por instrucciones m\u00e9dicas, el cantante mexicano Alberto V\u00e1zquez, quien sufre una par\u00e1lisis facial viral, no podr\u00e1 presentarse en el espect\u00e1culo Los Grandes del Rock and Roll Juntos Otra Vez, los d\u00edas 30 y 31 de julio de 2016\u201d, explica el comunicado.<br \/>Estas no son las \u00fanicas fechas canceladas por el cantante, pues la programada para el seis de agosto en el Auditorio Telmex de Guadalajara, tambi\u00e9n ha sido suspendida.<\/p>\n","protected":false},"excerpt":{"rendered":"<p>Tras cancelar en febrero pasado uno de los shows que tendr\u00eda junto a Enrique Guzm\u00e1n en Puebla, Alberto V\u00e1zquez ha tenido que volver a dejar a un lado el escenario en lo que recupera su salud completamente, ahora por una par\u00e1lisis facial que lo obliga a suspender su participaci\u00f3n en el show \u201cLos grandes del [&hellip;]<\/p>\n","protected":false},"author":93,"featured_media":0,"comment_status":"open","ping_status":"open","sticky":false,"template":"","format":"standard","meta":{"footnotes":""},"categories":[38],"tags":[],"class_list":["post-25621","post","type-post","status-publish","format-standard","hentry","category-show"],"_links":{"self":[{"href":"https:\/\/plazajuarez.mx\/historico\/wp-json\/wp\/v2\/posts\/25621","targetHints":{"allow":["GET"]}}],"collection":[{"href":"https:\/\/plazajuarez.mx\/historico\/wp-json\/wp\/v2\/posts"}],"about":[{"href":"https:\/\/plazajuarez.mx\/historico\/wp-json\/wp\/v2\/types\/post"}],"author":[{"embeddable":true,"href":"https:\/\/plazajuarez.mx\/historico\/wp-json\/wp\/v2\/users\/93"}],"replies":[{"embeddable":true,"href":"https:\/\/plazajuarez.mx\/historico\/wp-json\/wp\/v2\/comments?post=25621"}],"version-history":[{"count":0,"href":"https:\/\/plazajuarez.mx\/historico\/wp-json\/wp\/v2\/posts\/25621\/revisions"}],"wp:attachment":[{"href":"https:\/\/plazajuarez.mx\/historico\/wp-json\/wp\/v2\/media?parent=25621"}],"wp:term":[{"taxonomy":"category","embeddable":true,"href":"https:\/\/plazajuarez.mx\/historico\/wp-json\/wp\/v2\/categories?post=25621"},{"taxonomy":"post_tag","embeddable":true,"href":"https:\/\/plazajuarez.mx\/historico\/wp-json\/wp\/v2\/tags?post=25621"}],"curies":[{"name":"wp","href":"https:\/\/api.w.org\/{rel}","templated":true}]}}