{"id":25620,"date":"2016-07-27T12:42:09","date_gmt":"2016-07-27T12:42:09","guid":{"rendered":"http:\/\/plazajuarez.mx\/index\/index.php\/2016\/07\/27\/futbol-nacional-505\/"},"modified":"2016-07-27T12:42:09","modified_gmt":"2016-07-27T12:42:09","slug":"futbol-nacional-505","status":"publish","type":"post","link":"https:\/\/plazajuarez.mx\/historico\/futbol-nacional-505\/","title":{"rendered":"Futbol Nacional"},"content":{"rendered":"<p style=\"text-align: justify;\">#M\u00c1QUINA CELESTE<br \/>GUERR\u00d3N COMPRENDE RECLAMOS DE LA AFICI\u00d3N AZUL<br \/>\u2022\u00a0\u00a0\u00a0 El tambi\u00e9n ex futbolista de Tigres aclar\u00f3 que se siente en calma pese a la sequ\u00eda que atraviesa<\/p>\n<p>  <!--more-->  <\/p>\n<p style=\"text-align: justify;\">&#8220;La afici\u00f3n tiene la raz\u00f3n en enojarse, pagan su entrada para ir a ver a su equipo ganar\u201d, Guerr\u00f3n.<br \/>Joffre Guerr\u00f3n est\u00e1 consciente de que no vive sus mejores d\u00edas como futbolista de Cruz Azul; sin embargo, mantiene la calma e incluso justifica los abucheos recibidos de parte de los seguidores del equipo.<br \/>&#8220;La afici\u00f3n tiene la raz\u00f3n en enojarse, pagan su entrada para ir a ver a su equipo ganar, pero hay que entender que no todos los partidos se ganan, tengan paciencia&#8221;, explic\u00f3 el ecuatoriano sobre la actualidad del club.<br \/>El tambi\u00e9n ex futbolista de Tigres aclar\u00f3 que se siente en calma pese a la sequ\u00eda que atraviesa, e incluso apela a la confianza de sus compa\u00f1eros para salir de la mala racha que le embarga.<br \/>\u201cEs normal. A lo mejor la gente anda ansiosa, quiere que meta goles, pero estoy tranquilo. Con paciencia y la confianza de mis compa\u00f1eros se dar\u00e1n las cosas y todos estar\u00e1n alegres\u201d, agreg\u00f3 el atacante previo a enfrentar a Leones Negros en Copa MX.<br \/>A la Copa MX, Cruz Azul dar\u00e1 la misma seriedad, y as\u00ed lo hicieron ver Joao Rojas y Adri\u00e1n Aldrete ante los resultados que se les presentaron en el inicio del campeonato. En el caso del ecuatoriano, busca tener actividad ante la suspensi\u00f3n por tres partidos en el torneo de Liga.<\/p>\n<p>**<\/p>\n<p>#RAYOS<br \/>NECAXA NO SE PREOCUPA POR LA FALTA DE GOLES EN EL TORNEO <\/p>\n<p>Necaxa est\u00e1 consciente de la falta de gol en el Apertura 2016, por lo que ya trabaja en mejorar la contundencia, dijo el delantero Rodrigo Prieto.<br \/>En lo que va del nuevo torneo en la LIGA MX los Hidrorrayos registran dos empates a cero goles, contra Cruz Azul y Le\u00f3n.<\/p>\n<p>Al respecto, se\u00f1al\u00f3: \u201cCreo que los partidos se han dado as\u00ed, por momentos hemos tenido m\u00e1s el bal\u00f3n, en otros nos han metido un poco atr\u00e1s y cuesta m\u00e1s llegar con espacios, pero son circunstancias del juego\u201d.<\/p>\n<p>Consider\u00f3 que \u201chemos hecho buenos partidos, nos hace falta el gol, dos empates, cero goles, pero estamos trabajando en tener m\u00e1s llegada, en ser m\u00e1s contundentes arriba, sabemos que eso va a llegar tarde o temprano\u201d. <br \/>A pesar de ello, asegur\u00f3 que el equipo est\u00e1 tranquilo, pues est\u00e1n trabajando para conseguir un mejor resultado y por ende hacerse presente.<\/p>\n<p>\u201cNo hay desesperaci\u00f3n, creo que ninguno de mis compa\u00f1eros est\u00e1 desesperado, al contrario, estamos con ganas de abrir el marcador y pensar en un triunfo, pero sabemos que si no tenemos paciencia es peor. Tengo que aprovechar los minutos al m\u00e1ximo, trabajando para tener cada vez m\u00e1s tiempo en la cancha y tratar de iniciar\u201d, estableci\u00f3. Finalmente, dijo que esperan sacar un buen resultado frente a Pachuca.<br \/>**<\/p>\n<p>#VERACRUZ<br \/>Los Tiburones llegan con gran \u00e1nimo para afrontar la jornada 3<\/p>\n<p>Con gran \u00edmpetu, Los Tiburones Rojos\u00a0 de Veracruz mantiene su preparaci\u00f3n para encarar la fecha tres del Apertura 2016 donde visita a Atlas. Hugo Cid afirm\u00f3 que la victoria sobre Santos da confianza para buscar los tres puntos como visitante.<br \/>&#8220;Creo que Atlas es dif\u00edcil en casa, pero haciendo un partido inteligente, un partido intenso como lo hicimos aqu\u00ed en casa, creo que podemos ganarle&#8221;.<br \/>Cid asegur\u00f3 que trata de responder con buenas actuaciones la confianza de su t\u00e9cnico Pablo Marini.<br \/>&#8220;Me mantuvo ah\u00ed, me dio confianza, y hoy estamos tratando de demostrar por qu\u00e9 estamos ah\u00ed en el once titular&#8221;.<br \/>Finalmente, Hugo Cid se\u00f1al\u00f3 que Veracruz tiene en la mira el objetivo de clasificar y de paso dejar atr\u00e1s el tema porcentual, donde poco a poco lo han logrado, gracias a sus buenos torneos anteriores.<br \/>&#8220;Depende de muchas cosas, pero conforme va avanzando el torneo creo que podemos ir buscando estar m\u00e1s arriba en la tabla que es el principal objetivo y despu\u00e9s calificar&#8221;.<br \/>&#8220;Es algo que no nos tenemos que confiar, hemos vivido ya el tema de la porcentual, hemos vivido con eso durante algo de tiempo, tenemos que seguir igual sobre el mismo camino, no regalar nada para no bajar m\u00e1s&#8221;.<\/p>\n<p><\/p>\n","protected":false},"excerpt":{"rendered":"<p>#M\u00c1QUINA CELESTEGUERR\u00d3N COMPRENDE RECLAMOS DE LA AFICI\u00d3N AZUL\u2022\u00a0\u00a0\u00a0 El tambi\u00e9n ex futbolista de Tigres aclar\u00f3 que se siente en calma pese a la sequ\u00eda que atraviesa<\/p>\n","protected":false},"author":93,"featured_media":0,"comment_status":"open","ping_status":"open","sticky":false,"template":"","format":"standard","meta":{"footnotes":""},"categories":[39],"tags":[],"class_list":["post-25620","post","type-post","status-publish","format-standard","hentry","category-deportiva"],"_links":{"self":[{"href":"https:\/\/plazajuarez.mx\/historico\/wp-json\/wp\/v2\/posts\/25620","targetHints":{"allow":["GET"]}}],"collection":[{"href":"https:\/\/plazajuarez.mx\/historico\/wp-json\/wp\/v2\/posts"}],"about":[{"href":"https:\/\/plazajuarez.mx\/historico\/wp-json\/wp\/v2\/types\/post"}],"author":[{"embeddable":true,"href":"https:\/\/plazajuarez.mx\/historico\/wp-json\/wp\/v2\/users\/93"}],"replies":[{"embeddable":true,"href":"https:\/\/plazajuarez.mx\/historico\/wp-json\/wp\/v2\/comments?post=25620"}],"version-history":[{"count":0,"href":"https:\/\/plazajuarez.mx\/historico\/wp-json\/wp\/v2\/posts\/25620\/revisions"}],"wp:attachment":[{"href":"https:\/\/plazajuarez.mx\/historico\/wp-json\/wp\/v2\/media?parent=25620"}],"wp:term":[{"taxonomy":"category","embeddable":true,"href":"https:\/\/plazajuarez.mx\/historico\/wp-json\/wp\/v2\/categories?post=25620"},{"taxonomy":"post_tag","embeddable":true,"href":"https:\/\/plazajuarez.mx\/historico\/wp-json\/wp\/v2\/tags?post=25620"}],"curies":[{"name":"wp","href":"https:\/\/api.w.org\/{rel}","templated":true}]}}