{"id":25619,"date":"2016-07-27T12:41:50","date_gmt":"2016-07-27T12:41:50","guid":{"rendered":"http:\/\/plazajuarez.mx\/index\/index.php\/2016\/07\/27\/pumas-no-es-defensivo\/"},"modified":"2016-07-27T12:41:50","modified_gmt":"2016-07-27T12:41:50","slug":"pumas-no-es-defensivo","status":"publish","type":"post","link":"https:\/\/plazajuarez.mx\/historico\/pumas-no-es-defensivo\/","title":{"rendered":"\u201cPUMAS NO ES DEFENSIVO\u201d"},"content":{"rendered":"<p style=\"text-align: justify;\">\u2022\u00a0\u00a0\u00a0 No es excusa, no es pretexto, pero\u00a0 Alejandro Castro explic\u00f3 las formas por las cuales los felinos no son defensivos<\/p>\n<p>PROMOCI\u00d3N DE PUMAS<br \/>Los ni\u00f1os que cursen primaria pagar\u00e1n s\u00f3lo 135 pesos en tribuna baja el pr\u00f3ximo domingo en Ciudad Universitaria<\/p>\n<p>  <!--more-->  <\/p>\n<p style=\"text-align: justify;\">La voz que se escucha en los Pumas de la Universidad es: \u201cNo jugamos a la defensiva\u201d.<br \/>Mas a la vista resalta que durante las dos primeras jornadas, el equipo dirigido por Juan Francisco Palencia ha destacado m\u00e1s por destruir, que por construir.<\/p>\n<p>Eso en el futbol, se llama jugar a la defensiva.<br \/>\u201cUn equipo se debe armar de atr\u00e1s hacia adelante\u201d, explica Alejandro Castro, defensa central universitario, ante los medios de comunicaci\u00f3n que se congregan en la sala de prensa del estadio Ol\u00edmpico de Ciudad Universitaria.<\/p>\n<p>No es excusa, no es pretexto, pero el ex cruzazulino explica las formas, aunque el fondo siga siendo el mismo. \u201cNo hay otra manera de armar a un equipo, si nos das espacios, te facilitas las cosas y a partir de ese punto debes ir hacia adelante, generando movimientos, creando jugadas de gol\u201d.<\/p>\n<p>La realidad es que en eso de crear jugadas de gol, est\u00e1n muy lejos del promedio. En las dos primeras jornadas, los Pumas se han destacado por ser el equipo que menos remates hace a la porter\u00eda rival.<\/p>\n<p>Los universitarios al ataque han tirado s\u00f3lo 11 veces en 180 minutos, pero de esos disparos, s\u00f3lo cuatro han ido hacia la porter\u00eda.<br \/>Aun as\u00ed, Alejandro Castro reitera: \u201cNo somos defensivos. Es muy pronto para que se nos catalogue as\u00ed. El torneo acaba de iniciar y los equipos a\u00fan no terminan de acoplarse entre ellos mismos, nosotros no somos la excepci\u00f3n\u201d.<br \/>Es m\u00e1s, se\u00f1al\u00f3 a integrantes de su ex equipo Cruz Azul, como absurdos, por criticar su sistema de juego: \u201cEs absurdo que la gente de Cruz Azul diga que fuimos defensivos cuando los defensas llegamos hasta la media [cancha] con el bal\u00f3n en los pies\u201d.<\/p>\n<p>Puebla, con cuatro remates a puerta; Toluca y Le\u00f3n con seis y Cruz Azul y Necaxa con siete, son los equipos que est\u00e1n por encima del cuadro del Pedregal, la diferencia es que La Franja s\u00ed ha marcado en el torneo, en tres ocasiones.<br \/>El zaguero pide paciencia, aunque no le quita el derecho al p\u00fablico de exigir, adem\u00e1s de la suma de puntos, buen juego.<br \/>\u201cClaro que s\u00ed, la afici\u00f3n est\u00e1 en todo su derecho de exigir, pero por el esfuerzo que se da en la cancha, creo, nadie puede reclamar&#8230; Si se juega bien o no, bueno, el esfuerzo est\u00e1. Lo aceptamos, hay mucho por mejorar, y es cuesti\u00f3n de tiempo [para que esto suceda]\u201d.<br \/>Todo es cuesti\u00f3n de trabajar y asimilar: \u201cEstamos en ese proceso. Trabajamos mucho tiempo con Memo [V\u00e1zquez, el anterior t\u00e9cnico] y ahora Paco trae su idea. En la pretemporada, la gente nos criticaba porque no gan\u00e1bamos, ahora no hemos perdido, el balance es positivo, as\u00ed que hay que ir paso a paso, todo es parte de un proceso\u201d.<br \/>Sin querer profundizar en los aspectos que hay para trabajar, Castro finaliza, \u201ctenemos que mejorar en cuestiones t\u00e1cticas, cosas que se trabajan d\u00eda a d\u00eda, algunos movimientos, falta de coordinaci\u00f3n, en fin, pero lo m\u00e1s interesante y lo que nos deja tranquilos es que todos estamos trabajando sobre la misma l\u00ednea y sabemos lo que hemos dejado de hacer y lo que debemos de mejorar\u201d y tirar m\u00e1s a porter\u00eda rival, porque sin gol, no hay puntos.<br \/>Pumas invita a ni\u00f1os a CU<br \/>Para el duelo ante Le\u00f3n de este domingo, el Club Universidad Nacional ha programado la siguiente promoci\u00f3n: Los ni\u00f1os que cursen primaria pagar\u00e1n s\u00f3lo 135 pesos en tribuna baja.<\/p>\n","protected":false},"excerpt":{"rendered":"<p>\u2022\u00a0\u00a0\u00a0 No es excusa, no es pretexto, pero\u00a0 Alejandro Castro explic\u00f3 las formas por las cuales los felinos no son defensivos PROMOCI\u00d3N DE PUMASLos ni\u00f1os que cursen primaria pagar\u00e1n s\u00f3lo 135 pesos en tribuna baja el pr\u00f3ximo domingo en Ciudad Universitaria<\/p>\n","protected":false},"author":93,"featured_media":0,"comment_status":"open","ping_status":"open","sticky":false,"template":"","format":"standard","meta":{"footnotes":""},"categories":[39],"tags":[],"class_list":["post-25619","post","type-post","status-publish","format-standard","hentry","category-deportiva"],"_links":{"self":[{"href":"https:\/\/plazajuarez.mx\/historico\/wp-json\/wp\/v2\/posts\/25619","targetHints":{"allow":["GET"]}}],"collection":[{"href":"https:\/\/plazajuarez.mx\/historico\/wp-json\/wp\/v2\/posts"}],"about":[{"href":"https:\/\/plazajuarez.mx\/historico\/wp-json\/wp\/v2\/types\/post"}],"author":[{"embeddable":true,"href":"https:\/\/plazajuarez.mx\/historico\/wp-json\/wp\/v2\/users\/93"}],"replies":[{"embeddable":true,"href":"https:\/\/plazajuarez.mx\/historico\/wp-json\/wp\/v2\/comments?post=25619"}],"version-history":[{"count":0,"href":"https:\/\/plazajuarez.mx\/historico\/wp-json\/wp\/v2\/posts\/25619\/revisions"}],"wp:attachment":[{"href":"https:\/\/plazajuarez.mx\/historico\/wp-json\/wp\/v2\/media?parent=25619"}],"wp:term":[{"taxonomy":"category","embeddable":true,"href":"https:\/\/plazajuarez.mx\/historico\/wp-json\/wp\/v2\/categories?post=25619"},{"taxonomy":"post_tag","embeddable":true,"href":"https:\/\/plazajuarez.mx\/historico\/wp-json\/wp\/v2\/tags?post=25619"}],"curies":[{"name":"wp","href":"https:\/\/api.w.org\/{rel}","templated":true}]}}