{"id":25617,"date":"2016-07-27T12:41:01","date_gmt":"2016-07-27T12:41:01","guid":{"rendered":"http:\/\/plazajuarez.mx\/index\/index.php\/2016\/07\/27\/deportes-nacional-52\/"},"modified":"2016-07-27T12:41:01","modified_gmt":"2016-07-27T12:41:01","slug":"deportes-nacional-52","status":"publish","type":"post","link":"https:\/\/plazajuarez.mx\/historico\/deportes-nacional-52\/","title":{"rendered":"Deportes Nacional"},"content":{"rendered":"<p style=\"text-align: justify;\">#RUMBO A RIO 2016<br \/>ALFONSO LEYVA, BUENO PARA \u201cEL TROMPO\u201d<br \/>\u2022\u00a0\u00a0\u00a0 EL ATLETA MEXICANO quiere hacer historia en los Juegos Ol\u00edmpicos de Brasil<\/p>\n<p>  <!--more-->  <\/p>\n<p style=\"text-align: justify;\">\u201cMi mam\u00e1 me meti\u00f3 a la lucha a practicarla porque era un ni\u00f1o muy peleonero\u201d, expuso el deportista<\/p>\n<p>En casa, su mam\u00e1 ya no aguantaba sus travesuras; en la escuela, eran constantes sus peleas, as\u00ed que la soluci\u00f3n para meter en cintura a Alfonso Leyva fue practicar lucha ol\u00edmpica, un reto que no le agrad\u00f3 mucho, \u201cpero no hab\u00eda de otra\u201d.<\/p>\n<p>Entonces ten\u00eda 13 a\u00f1os, una d\u00e9cada despu\u00e9s el panorama es distinto, su mente est\u00e1 poblada de sue\u00f1os, a unos d\u00edas de iniciar el camino final en busca de una medalla ol\u00edmpica en R\u00edo de Janeiro 2016. \u201cEstoy motivado por ir a mis primeros Juegos Ol\u00edmpicos, entrenando a tope para dar un gran triunfo a M\u00e9xico\u201d.<br \/>Es el \u00fanico gladiador mexicano con boleto a la justa de verano, un logro para el que tuvo que sufrir bastante, \u201cquedarme sin medalla en 2014 y 2015, en Juegos Centroamericanos y Panamericanos fueron dos golpes duros, fue una etapa de madurez pero no me di por vencido y ah\u00ed est\u00e1 el resultado\u201d.<\/p>\n<p>Reconoce que entr\u00f3 a la fuerza a este deporte, \u201cmi mam\u00e1 me meti\u00f3 a practicarla porque era un ni\u00f1o muy peleonero, siempre andaba dando lata y as\u00ed llegu\u00e9 a la lucha, poco a poco le fui agarrando cari\u00f1o a esta disciplina. No me gust\u00f3 mucho al principio porque me cargaban la mano, quer\u00eda que me sacaran hasta que un d\u00eda me conquist\u00f3, quise aprender y crecer mucho m\u00e1s\u201d.<br \/>La lucha ol\u00edmpica es un deporte de altas y bajas, doloroso, cobra muchos sue\u00f1os en el camino al \u00e9xito.<\/p>\n<p>\u201cPor ejemplo se te hacen las orejas de coliflor pero le vas tomando el gusto, nunca he quitado el dedo del rengl\u00f3n. Me ha dado disciplina y ense\u00f1ado que la vida est\u00e1 llena de obst\u00e1culos y que si te das por vencido vas a ser un perdedor toda la vida\u201d.<br \/>Ser el \u00fanico mexicano en la competencia es un aliciente y una responsabilidad que lo emociona.<br \/>**<br \/>#BOX<br \/>Pugilistas mexicanos ya vuelan rumbo a territorio brasile\u00f1o<\/p>\n<p>El equipo mexicano de boxeo inici\u00f3\u00a0 ayer su viaje rumbo a su cita ol\u00edmpica en R\u00edo de Janeiro, donde estar\u00e1 compitiendo del 6 al 21 de agosto.<\/p>\n<p>\u201cEstoy muy emocionado y satisfecho por la buena preparaci\u00f3n que he hecho. La verdad siento ya ansias de estar arriba del ring y dejarlo todo ah\u00ed hasta el \u00faltimo golpe\u201d, expres\u00f3 el chihuahuense Misael Rodr\u00edguez Olivas, quien representar\u00e1 a M\u00e9xico en el peso medio, hasta 75 kilogramos.<\/p>\n<p>El medallista de bronce en los Juegos Panamericanos de Toronto 2015 realiz\u00f3, junto con el resto del equipo ol\u00edmpico, una base de entrenamiento de altura en La Malinche, Tlaxcala, para concluir su preparaci\u00f3n de cara a la justa veraniega.<\/p>\n<p>\u201cRealizamos un trabajo de sparring bastante fuerte, en lo personal con Rogelio Romero, bronce panamericano y una divisi\u00f3n m\u00e1s arriba que yo; con Diego Moreno, subcampe\u00f3n nacional y Juan Pablo Romero, tambi\u00e9n clasificado para R\u00edo\u201d, coment\u00f3 el p\u00fagil. <\/p>\n<p>\u201dPor la altura te agotas demasiado, agarras mucha condici\u00f3n f\u00edsica y tambi\u00e9n fortaleza mental, porque te relajas y est\u00e1s aislado, concentrado s\u00f3lo en los Juegos\u201d, agreg\u00f3 Rodr\u00edguez.<\/p>\n<p>Junto con Misael, integran la selecci\u00f3n para R\u00edo los mexiquenses El\u00edas Emigdio Abarca y Juan Pablo Romero Mar\u00edn, quienes pelear\u00e1n en los 52 y 69 kg respectivamente; el quintanarroense Joselito Vel\u00e1zquez Altamirano en 49 kg, el neoleon\u00e9s Lindolfo Delgado Garza en 60 kg y el tamaulipeco Ra\u00fal Curiel Garc\u00eda en 64 kg.<\/p>\n","protected":false},"excerpt":{"rendered":"<p>#RUMBO A RIO 2016ALFONSO LEYVA, BUENO PARA \u201cEL TROMPO\u201d\u2022\u00a0\u00a0\u00a0 EL ATLETA MEXICANO quiere hacer historia en los Juegos Ol\u00edmpicos de Brasil<\/p>\n","protected":false},"author":93,"featured_media":0,"comment_status":"open","ping_status":"open","sticky":false,"template":"","format":"standard","meta":{"footnotes":""},"categories":[39],"tags":[],"class_list":["post-25617","post","type-post","status-publish","format-standard","hentry","category-deportiva"],"_links":{"self":[{"href":"https:\/\/plazajuarez.mx\/historico\/wp-json\/wp\/v2\/posts\/25617","targetHints":{"allow":["GET"]}}],"collection":[{"href":"https:\/\/plazajuarez.mx\/historico\/wp-json\/wp\/v2\/posts"}],"about":[{"href":"https:\/\/plazajuarez.mx\/historico\/wp-json\/wp\/v2\/types\/post"}],"author":[{"embeddable":true,"href":"https:\/\/plazajuarez.mx\/historico\/wp-json\/wp\/v2\/users\/93"}],"replies":[{"embeddable":true,"href":"https:\/\/plazajuarez.mx\/historico\/wp-json\/wp\/v2\/comments?post=25617"}],"version-history":[{"count":0,"href":"https:\/\/plazajuarez.mx\/historico\/wp-json\/wp\/v2\/posts\/25617\/revisions"}],"wp:attachment":[{"href":"https:\/\/plazajuarez.mx\/historico\/wp-json\/wp\/v2\/media?parent=25617"}],"wp:term":[{"taxonomy":"category","embeddable":true,"href":"https:\/\/plazajuarez.mx\/historico\/wp-json\/wp\/v2\/categories?post=25617"},{"taxonomy":"post_tag","embeddable":true,"href":"https:\/\/plazajuarez.mx\/historico\/wp-json\/wp\/v2\/tags?post=25617"}],"curies":[{"name":"wp","href":"https:\/\/api.w.org\/{rel}","templated":true}]}}