{"id":25614,"date":"2016-07-27T12:38:23","date_gmt":"2016-07-27T12:38:23","guid":{"rendered":"http:\/\/plazajuarez.mx\/index\/index.php\/2016\/07\/27\/municipios-son-debiles-ante-crimen-reconoce-segob-2\/"},"modified":"2016-07-27T12:38:23","modified_gmt":"2016-07-27T12:38:23","slug":"municipios-son-debiles-ante-crimen-reconoce-segob-2","status":"publish","type":"post","link":"https:\/\/plazajuarez.mx\/historico\/municipios-son-debiles-ante-crimen-reconoce-segob-2\/","title":{"rendered":"Municipios son d\u00e9biles ante crimen, reconoce Segob"},"content":{"rendered":"<p style=\"text-align: justify;\">\u201cHay suficientes evidencias, de que el crimen organizado enfrenta a una autoridad vulnerable\u201d, indic\u00f3.<\/p>\n<p>  <!--more-->  <\/p>\n<p style=\"text-align: justify;\">Dijo que el gobierno federal trabajar\u00e1 para romper las cadenas de impunidad y enfrentar una realidad que muestra los niveles de violencia que se mantienen en algunas regiones.<br \/>Un nuevo esquema de seguridad, control y fortaleza en los estados se est\u00e1 planteando ante la incapacidad de los gobiernos municipales para enfrentar al crimen organizado, anunci\u00f3 el subsecretario de Derechos Humanos de la Secretar\u00eda de Gobernaci\u00f3n, Roberto Campa.<br \/>Tras los asesinatos de dos ediles en Chiapas y Guerrero el pasado s\u00e1bado, Campa reconoci\u00f3 que hoy en d\u00eda los delincuentes, armados y con mayores recursos, est\u00e1n enfrentando \u201ccon relativa facilidad\u201d a las corporaciones del gobierno m\u00e1s d\u00e9biles, que en este caso, dijo, son las municipales.<br \/>Ante ello \u201cse ha planteado transformar el esquema (de seguridad), para tener un nuevo de organizaci\u00f3n y de control que fortalezca el nivel estatal en donde la responsabilidad recaiga en las autoridades estatales, lo que significa eliminar estos espacios de vulnerabilidad\u201d, dijo en entrevista televisiva.<br \/>De acuerdo con el subsecretario de DH, el crimen organizado ha migrado de los grandes municipios urbanos a los de la periferia y principalmente rurales \u201cante la debilidad que tienen las autoridades en este nivel\u201d.<\/p>\n","protected":false},"excerpt":{"rendered":"<p>\u201cHay suficientes evidencias, de que el crimen organizado enfrenta a una autoridad vulnerable\u201d, indic\u00f3.<\/p>\n","protected":false},"author":93,"featured_media":0,"comment_status":"open","ping_status":"open","sticky":false,"template":"","format":"standard","meta":{"footnotes":""},"categories":[36],"tags":[],"class_list":["post-25614","post","type-post","status-publish","format-standard","hentry","category-nacion"],"_links":{"self":[{"href":"https:\/\/plazajuarez.mx\/historico\/wp-json\/wp\/v2\/posts\/25614","targetHints":{"allow":["GET"]}}],"collection":[{"href":"https:\/\/plazajuarez.mx\/historico\/wp-json\/wp\/v2\/posts"}],"about":[{"href":"https:\/\/plazajuarez.mx\/historico\/wp-json\/wp\/v2\/types\/post"}],"author":[{"embeddable":true,"href":"https:\/\/plazajuarez.mx\/historico\/wp-json\/wp\/v2\/users\/93"}],"replies":[{"embeddable":true,"href":"https:\/\/plazajuarez.mx\/historico\/wp-json\/wp\/v2\/comments?post=25614"}],"version-history":[{"count":0,"href":"https:\/\/plazajuarez.mx\/historico\/wp-json\/wp\/v2\/posts\/25614\/revisions"}],"wp:attachment":[{"href":"https:\/\/plazajuarez.mx\/historico\/wp-json\/wp\/v2\/media?parent=25614"}],"wp:term":[{"taxonomy":"category","embeddable":true,"href":"https:\/\/plazajuarez.mx\/historico\/wp-json\/wp\/v2\/categories?post=25614"},{"taxonomy":"post_tag","embeddable":true,"href":"https:\/\/plazajuarez.mx\/historico\/wp-json\/wp\/v2\/tags?post=25614"}],"curies":[{"name":"wp","href":"https:\/\/api.w.org\/{rel}","templated":true}]}}