{"id":25611,"date":"2016-07-27T12:36:36","date_gmt":"2016-07-27T12:36:36","guid":{"rendered":"http:\/\/plazajuarez.mx\/index\/index.php\/2016\/07\/27\/nuevo-atentado-en-francia-del-estado-islamico\/"},"modified":"2016-07-27T12:36:36","modified_gmt":"2016-07-27T12:36:36","slug":"nuevo-atentado-en-francia-del-estado-islamico","status":"publish","type":"post","link":"https:\/\/plazajuarez.mx\/historico\/nuevo-atentado-en-francia-del-estado-islamico\/","title":{"rendered":"Nuevo atentado en Francia del Estado Isl\u00e1mico"},"content":{"rendered":"<p style=\"text-align: justify;\">Ahora fue en Normand\u00eda <br \/>\u2022\u00a0\u00a0\u00a0 Los atacantes degollaron a un cura; tomaron rehenes en una iglesia y dejaron a un hombre en estado cr\u00edtico<\/p>\n<p>  <!--more-->  <\/p>\n<p style=\"text-align: justify;\">La polic\u00eda abati\u00f3 a los secuestradores cuando salieron al atrio de la iglesia. \u201cPor supuesto, es un drama para la comunidad cat\u00f3lica, cristiana, una situaci\u00f3n dram\u00e1tica , a la que nos enfrentamos de nuevo menos de dos semanas despu\u00e9s de la tragedia de Niza\u201d, ha declarado Pierre-Henry Brandet, portavoz del Ministerio del Interior. <br \/>Los dos terroristas que degollaron ayer a un sacerdote al que obligaron a arrodillarse durante una toma de rehenes en una iglesia del norte de Francia, en Normand\u00eda, y dejaron en estado cr\u00edtico a otra v\u00edctima, proclamaron a gritos su pertenencia al Estado Isl\u00e1mico, inform\u00f3 el presidente franc\u00e9s Fran\u00e7ois Hollande. Tras una hora de reclusi\u00f3n, la polic\u00eda mat\u00f3 a los dos secuestradores que irrumpieron en el templo con cuchillos y grabaron el asesinato, de acuerdo al testimonio de una monja que logr\u00f3 escapar. <br \/>El Estado Isl\u00e1mico &#8220;nos declar\u00f3 la guerra&#8221;, advirti\u00f3 Hollande, quien alert\u00f3 de que &#8220;la amenaza sigue siendo muy elevada&#8221;. Hizo un llamado a la unidad, en un mensaje dirigido a todos los franceses.<br \/>El p\u00e1rroco fallecido se llamaba Jacques Hamel y ten\u00eda 86 a\u00f1os, inform\u00f3 el arzobispo de Rouen, Dominique Lebrum. El portavoz de la Santa Sede, Federico Lombardi, ha declarado que el papa Francisco ha sido informado y siente \u201cdolor y horror\u201d por \u201cesta violencia absurda\u201d.<br \/>Hollande se desplaz\u00f3 a la localidad de Saint-Etienne-du-Rouvray. Habl\u00f3 abiertamente de &#8220;atentado&#8221; y dijo que fue cometido &#8220;por dos terroristas que dec\u00edan ser del Estado Isl\u00e1mico&#8221;. Minutos despu\u00e9s, el grupo terrorista se atribuy\u00f3 el atentado diciendo que los asaltantes eran &#8220;dos soldados del Estado Isl\u00e1mico&#8221;, inform\u00f3 la agencia Amaq.<br \/>Seg\u00fan el diario Le Parisien, los dos asaltantes llegaron a la iglesia de Saint Etienne du Rouvray en Normand\u00eda poco antes de las diez. Entraron por la puerta trasera durante la misa y a continuaci\u00f3n cerraron la puerta. Una vez all\u00ed, retuvieron durante cerca de una hora al p\u00e1rroco, dos monjas y dos fieles. Una tercera monja logr\u00f3 escapar y avisar a las autoridades. En el marco de las investigaciones, un hombre que no ha sido identificado por ahora ha sido detenido. <br \/>La religiosa que consigui\u00f3 huir de la iglesia de Saint Etienne du Rouvray para avisar de la toma de rehenes relat\u00f3 que los dos terroristas hicieron arrodillarse al sacerdote antes de degollarlo y grabaron su crimen en v\u00eddeo. La hermana Danielle explic\u00f3 en entrevista radiof\u00f3nica, que los asesinos ordenaron agruparse a los cinco presentes y que no se detuvieron pese a que todos les imploraban que no siguieran adelante.<\/p>\n","protected":false},"excerpt":{"rendered":"<p>Ahora fue en Normand\u00eda \u2022\u00a0\u00a0\u00a0 Los atacantes degollaron a un cura; tomaron rehenes en una iglesia y dejaron a un hombre en estado cr\u00edtico<\/p>\n","protected":false},"author":93,"featured_media":0,"comment_status":"open","ping_status":"open","sticky":false,"template":"","format":"standard","meta":{"footnotes":""},"categories":[31],"tags":[],"class_list":["post-25611","post","type-post","status-publish","format-standard","hentry","category-orbe"],"_links":{"self":[{"href":"https:\/\/plazajuarez.mx\/historico\/wp-json\/wp\/v2\/posts\/25611","targetHints":{"allow":["GET"]}}],"collection":[{"href":"https:\/\/plazajuarez.mx\/historico\/wp-json\/wp\/v2\/posts"}],"about":[{"href":"https:\/\/plazajuarez.mx\/historico\/wp-json\/wp\/v2\/types\/post"}],"author":[{"embeddable":true,"href":"https:\/\/plazajuarez.mx\/historico\/wp-json\/wp\/v2\/users\/93"}],"replies":[{"embeddable":true,"href":"https:\/\/plazajuarez.mx\/historico\/wp-json\/wp\/v2\/comments?post=25611"}],"version-history":[{"count":0,"href":"https:\/\/plazajuarez.mx\/historico\/wp-json\/wp\/v2\/posts\/25611\/revisions"}],"wp:attachment":[{"href":"https:\/\/plazajuarez.mx\/historico\/wp-json\/wp\/v2\/media?parent=25611"}],"wp:term":[{"taxonomy":"category","embeddable":true,"href":"https:\/\/plazajuarez.mx\/historico\/wp-json\/wp\/v2\/categories?post=25611"},{"taxonomy":"post_tag","embeddable":true,"href":"https:\/\/plazajuarez.mx\/historico\/wp-json\/wp\/v2\/tags?post=25611"}],"curies":[{"name":"wp","href":"https:\/\/api.w.org\/{rel}","templated":true}]}}