{"id":255712,"date":"2023-04-01T11:40:11","date_gmt":"2023-04-01T17:40:11","guid":{"rendered":"https:\/\/plazajuarez.mx\/?p=255712"},"modified":"2023-04-01T11:40:14","modified_gmt":"2023-04-01T17:40:14","slug":"lunes-ultimo-dia-para-declaracion-anual-de-personas-morales","status":"publish","type":"post","link":"https:\/\/plazajuarez.mx\/historico\/lunes-ultimo-dia-para-declaracion-anual-de-personas-morales\/","title":{"rendered":"Lunes, \u00faltimo d\u00eda para declaraci\u00f3n anual de personas morales"},"content":{"rendered":"\n<p>La declaraci\u00f3n anual es el documento oficial en el que personas f\u00edsicas y morales avalan el reporte de las operaciones realizadas durante el a\u00f1o ante el Servicio de Administraci\u00f3n Tributaria (SAT).<br><br>Como cada marzo o abril, los contribuyentes deben cumplir con la obligaci\u00f3n anual de reportar los ingresos obtenidos el a\u00f1o previo ante la m\u00e1xima autoridad fiscal.<br><br>En caso de no presentarla, omitir o realizar fuera de tiempo es motivo para la imposici\u00f3n de multas econ\u00f3micas y sanciones a contribuyentes.<br><br><strong>\u00bfCu\u00e1ndo es la fecha l\u00edmite para presentar la declaraci\u00f3n anual?<br><\/strong><br>Este 3 de abril es la fecha l\u00edmite para que las personas morales (empresas) presenten su declaraci\u00f3n de impuestos correspondiente al ejercicio fiscal del 2022.<br><br>Asimismo, las personas f\u00edsicas tienen hasta el 30 de abril pr\u00f3ximo.<br><br><strong>\u00bfQui\u00e9nes est\u00e1n obligados a presentar declaraci\u00f3n de impuestos?<br><\/strong><br>La obligaci\u00f3n debe reportarse tanto por personas morales como personas f\u00edsicas.<br><br><strong>\u00bfC\u00f3mo presentar la declaraci\u00f3n anual en l\u00ednea?<br><\/strong><br>Las personas f\u00edsicas tienen la opci\u00f3n de presentar su declaraci\u00f3n antes de la fecha mediante una cita o a trav\u00e9s de internet.<br><br>Debes ingresar al portal del SAT, capturar tu Registro Federal de Contribuyentes (RFC), tu contrase\u00f1a y llenar formatos. El brazo recaudador de Hacienda ofrece dos opciones para declarar, con declaraci\u00f3n propuesta y la manual.<\/p>\n\n\n\n<p><br>Si eliges la primera, el SAT te da la informaci\u00f3n registrada. Revisa tus datos antes de enviar la declaraci\u00f3n y si no est\u00e1s de acuerdo, rechaza la propuesta.<br><br>En el caso de la declaraci\u00f3n manual, incluye las retenciones hechas por tu empleador y las facturas electr\u00f3nicas por deducir.<\/p>\n","protected":false},"excerpt":{"rendered":"<p>La declaraci\u00f3n anual es el documento oficial en el que personas f\u00edsicas y morales avalan el reporte de las operaciones realizadas durante el a\u00f1o ante el Servicio de Administraci\u00f3n Tributaria (SAT). Como cada marzo o abril, los contribuyentes deben cumplir con la obligaci\u00f3n anual de reportar los ingresos obtenidos el a\u00f1o previo ante la m\u00e1xima [&hellip;]<\/p>\n","protected":false},"author":81,"featured_media":255713,"comment_status":"closed","ping_status":"closed","sticky":false,"template":"","format":"standard","meta":{"footnotes":""},"categories":[15,36],"tags":[],"class_list":["post-255712","post","type-post","status-publish","format-standard","has-post-thumbnail","hentry","category-destacadas","category-nacion"],"_links":{"self":[{"href":"https:\/\/plazajuarez.mx\/historico\/wp-json\/wp\/v2\/posts\/255712","targetHints":{"allow":["GET"]}}],"collection":[{"href":"https:\/\/plazajuarez.mx\/historico\/wp-json\/wp\/v2\/posts"}],"about":[{"href":"https:\/\/plazajuarez.mx\/historico\/wp-json\/wp\/v2\/types\/post"}],"author":[{"embeddable":true,"href":"https:\/\/plazajuarez.mx\/historico\/wp-json\/wp\/v2\/users\/81"}],"replies":[{"embeddable":true,"href":"https:\/\/plazajuarez.mx\/historico\/wp-json\/wp\/v2\/comments?post=255712"}],"version-history":[{"count":0,"href":"https:\/\/plazajuarez.mx\/historico\/wp-json\/wp\/v2\/posts\/255712\/revisions"}],"wp:featuredmedia":[{"embeddable":true,"href":"https:\/\/plazajuarez.mx\/historico\/wp-json\/wp\/v2\/media\/255713"}],"wp:attachment":[{"href":"https:\/\/plazajuarez.mx\/historico\/wp-json\/wp\/v2\/media?parent=255712"}],"wp:term":[{"taxonomy":"category","embeddable":true,"href":"https:\/\/plazajuarez.mx\/historico\/wp-json\/wp\/v2\/categories?post=255712"},{"taxonomy":"post_tag","embeddable":true,"href":"https:\/\/plazajuarez.mx\/historico\/wp-json\/wp\/v2\/tags?post=255712"}],"curies":[{"name":"wp","href":"https:\/\/api.w.org\/{rel}","templated":true}]}}