{"id":255655,"date":"2023-03-31T22:01:34","date_gmt":"2023-04-01T04:01:34","guid":{"rendered":"https:\/\/plazajuarez.mx\/?p=255655"},"modified":"2023-03-31T22:02:14","modified_gmt":"2023-04-01T04:02:14","slug":"se-estampa-en-su-auto-contra-la-barra-de-contencion-y-sale-herido","status":"publish","type":"post","link":"https:\/\/plazajuarez.mx\/historico\/se-estampa-en-su-auto-contra-la-barra-de-contencion-y-sale-herido\/","title":{"rendered":"Se estampa en su auto contra la\u00a0barra de contenci\u00f3n y sale herido"},"content":{"rendered":"\n<p>Un accidente se suscit\u00f3 la ma\u00f1ana del viernes en la Super V\u00eda Colosio, donde el conductor de un veh\u00edculo logr\u00f3 salvar la vida, luego de que en su auto compacto habr\u00eda chocado contra la barra de contenci\u00f3n y fue tan brutal el impacto, que el veh\u00edculo qued\u00f3 destrozado de la parte frontal.<\/p>\n\n\n\n<p>&nbsp;EL siniestro provoc\u00f3 la inmediata movilizaci\u00f3n de elementos de los cuerpos polic\u00edacos, as\u00ed como de socorristas y param\u00e9dicos que acudieron a tomar conocimiento y a brindar apoyo respectivamente.<\/p>\n\n\n\n<p>Por el siniestro se gener\u00f3 el cierre de la circulaci\u00f3n en la S\u00faper V\u00eda Colosio a la altura del puente del CEUNI, con direcci\u00f3n al Corredor de la Monta\u00f1a.<\/p>\n\n\n\n<p>La persona que result\u00f3 lesionada, por el estado que present\u00f3, fue trasladada al Hospital General de Pachuca.<\/p>\n","protected":false},"excerpt":{"rendered":"<p>Un accidente se suscit\u00f3 la ma\u00f1ana del viernes en la Super V\u00eda Colosio, donde el conductor de un veh\u00edculo logr\u00f3 salvar la vida, luego de que en su auto compacto habr\u00eda chocado contra la barra de contenci\u00f3n y fue tan brutal el impacto, que el veh\u00edculo qued\u00f3 destrozado de la parte frontal. &nbsp;EL siniestro provoc\u00f3 [&hellip;]<\/p>\n","protected":false},"author":93,"featured_media":255656,"comment_status":"closed","ping_status":"closed","sticky":false,"template":"","format":"standard","meta":{"footnotes":""},"categories":[37],"tags":[],"class_list":["post-255655","post","type-post","status-publish","format-standard","has-post-thumbnail","hentry","category-barandilla"],"_links":{"self":[{"href":"https:\/\/plazajuarez.mx\/historico\/wp-json\/wp\/v2\/posts\/255655","targetHints":{"allow":["GET"]}}],"collection":[{"href":"https:\/\/plazajuarez.mx\/historico\/wp-json\/wp\/v2\/posts"}],"about":[{"href":"https:\/\/plazajuarez.mx\/historico\/wp-json\/wp\/v2\/types\/post"}],"author":[{"embeddable":true,"href":"https:\/\/plazajuarez.mx\/historico\/wp-json\/wp\/v2\/users\/93"}],"replies":[{"embeddable":true,"href":"https:\/\/plazajuarez.mx\/historico\/wp-json\/wp\/v2\/comments?post=255655"}],"version-history":[{"count":0,"href":"https:\/\/plazajuarez.mx\/historico\/wp-json\/wp\/v2\/posts\/255655\/revisions"}],"wp:featuredmedia":[{"embeddable":true,"href":"https:\/\/plazajuarez.mx\/historico\/wp-json\/wp\/v2\/media\/255656"}],"wp:attachment":[{"href":"https:\/\/plazajuarez.mx\/historico\/wp-json\/wp\/v2\/media?parent=255655"}],"wp:term":[{"taxonomy":"category","embeddable":true,"href":"https:\/\/plazajuarez.mx\/historico\/wp-json\/wp\/v2\/categories?post=255655"},{"taxonomy":"post_tag","embeddable":true,"href":"https:\/\/plazajuarez.mx\/historico\/wp-json\/wp\/v2\/tags?post=255655"}],"curies":[{"name":"wp","href":"https:\/\/api.w.org\/{rel}","templated":true}]}}