{"id":255631,"date":"2023-03-31T21:54:56","date_gmt":"2023-04-01T03:54:56","guid":{"rendered":"https:\/\/plazajuarez.mx\/?p=255631"},"modified":"2023-03-31T21:57:22","modified_gmt":"2023-04-01T03:57:22","slug":"entendiendo-y-aprendiendo-campana-de-la-imj-y-la-caamt","status":"publish","type":"post","link":"https:\/\/plazajuarez.mx\/historico\/entendiendo-y-aprendiendo-campana-de-la-imj-y-la-caamt\/","title":{"rendered":"\u201cENTENDIENDO Y APRENDIENDO\u201d CAMPA\u00d1A DE LA IMJ Y LA CAAMT"},"content":{"rendered":"\n<p>\u201cEntendiendo y aprendiendo\u201d es una campa\u00f1a que lleva a cabo la Instancia Municipal de la Juventud, en colaboraci\u00f3n con la Comisi\u00f3n de Agua Potable y Alcantarillado de Tulancingo, (CAAMT).<\/p>\n\n\n\n<p>Con motivo del d\u00eda Mundial del Agua que se celebr\u00f3 el pasado 22 de marzo, ambas dependencias del gobierno municipal, a cargo de Jorge M\u00e1rquez Alvarado, llevaron a cabo una serie de actividades.<\/p>\n\n\n\n<p>Desde el pasado 24 de marzo, se efectuaron pl\u00e1ticas acerca del cuidado del agua, para nivel bachillerato en el CECyTeH, continuando el lunes 27, con recorridos por los pozos de Jardines del Sur.<\/p>\n\n\n\n<p>El 28 de marzo, los alumnos de la secundaria H\u00e9roes de Nacozari visitaron el pozo del Caracolito, donde se les indic\u00f3 el funcionamiento y se les mostraron los equipos, por los cuales tiene que pasar el agua para ser transportada a m\u00e1s de 9 mil habitantes de Tulancingo.<\/p>\n\n\n\n<p>Se visit\u00f3 la Nissan y se efectu\u00f3 un evento con motivo del D\u00eda Mundial del Agua a nivel preescolar.<\/p>\n\n\n\n<p>El director de la Instancia de la Juventud coment\u00f3 que, aunado a estos recorridos se les indica a los ni\u00f1os y j\u00f3venes, consejos y medidas preventivas sobre la importancia de cuidar el vital l\u00edquido.<\/p>\n\n\n\n<p>No malgastar el agua fr\u00eda en la ducha, poner cubetas mientras se calienta, usar el agua solo para enjuagar al lavar la ropa, no asear el carro con manguera, utilizar un vaso de agua para el lavado de los dientes y no dejar abierta las llaves, son algunas de ellas.&nbsp;&nbsp;&nbsp;&nbsp;&nbsp;<\/p>\n\n\n\n<p>Reiter\u00f3 para finalizar, que es muy importante tomar conciencia de la \u00e9poca en que vivimos, ya que los problemas de sequ\u00eda comienzan a aumentar y en muchas entidades se viven situaciones complejas por la falta de este elemento.&nbsp;<\/p>\n","protected":false},"excerpt":{"rendered":"<p>\u201cEntendiendo y aprendiendo\u201d es una campa\u00f1a que lleva a cabo la Instancia Municipal de la Juventud, en colaboraci\u00f3n con la Comisi\u00f3n de Agua Potable y Alcantarillado de Tulancingo, (CAAMT). Con motivo del d\u00eda Mundial del Agua que se celebr\u00f3 el pasado 22 de marzo, ambas dependencias del gobierno municipal, a cargo de Jorge M\u00e1rquez Alvarado, [&hellip;]<\/p>\n","protected":false},"author":93,"featured_media":255632,"comment_status":"closed","ping_status":"closed","sticky":false,"template":"","format":"standard","meta":{"footnotes":""},"categories":[40],"tags":[],"class_list":["post-255631","post","type-post","status-publish","format-standard","has-post-thumbnail","hentry","category-region"],"_links":{"self":[{"href":"https:\/\/plazajuarez.mx\/historico\/wp-json\/wp\/v2\/posts\/255631","targetHints":{"allow":["GET"]}}],"collection":[{"href":"https:\/\/plazajuarez.mx\/historico\/wp-json\/wp\/v2\/posts"}],"about":[{"href":"https:\/\/plazajuarez.mx\/historico\/wp-json\/wp\/v2\/types\/post"}],"author":[{"embeddable":true,"href":"https:\/\/plazajuarez.mx\/historico\/wp-json\/wp\/v2\/users\/93"}],"replies":[{"embeddable":true,"href":"https:\/\/plazajuarez.mx\/historico\/wp-json\/wp\/v2\/comments?post=255631"}],"version-history":[{"count":0,"href":"https:\/\/plazajuarez.mx\/historico\/wp-json\/wp\/v2\/posts\/255631\/revisions"}],"wp:featuredmedia":[{"embeddable":true,"href":"https:\/\/plazajuarez.mx\/historico\/wp-json\/wp\/v2\/media\/255632"}],"wp:attachment":[{"href":"https:\/\/plazajuarez.mx\/historico\/wp-json\/wp\/v2\/media?parent=255631"}],"wp:term":[{"taxonomy":"category","embeddable":true,"href":"https:\/\/plazajuarez.mx\/historico\/wp-json\/wp\/v2\/categories?post=255631"},{"taxonomy":"post_tag","embeddable":true,"href":"https:\/\/plazajuarez.mx\/historico\/wp-json\/wp\/v2\/tags?post=255631"}],"curies":[{"name":"wp","href":"https:\/\/api.w.org\/{rel}","templated":true}]}}