{"id":255576,"date":"2023-03-31T21:27:47","date_gmt":"2023-04-01T03:27:47","guid":{"rendered":"https:\/\/plazajuarez.mx\/?p=255576"},"modified":"2023-03-31T21:43:36","modified_gmt":"2023-04-01T03:43:36","slug":"combinaran-programas-federales-y-estatales","status":"publish","type":"post","link":"https:\/\/plazajuarez.mx\/historico\/combinaran-programas-federales-y-estatales\/","title":{"rendered":"Combinar\u00e1n programas federales y estatales"},"content":{"rendered":"\n<p>El gobernador del estado de Hidalgo, Julio Menchaca Salazar, adelant\u00f3 que trabajan para la combinaci\u00f3n de programas estatales y federales con la finalidad de mejorar y ampliar la cobertura.<\/p>\n\n\n\n<p>Dijo: \u201cPr\u00f3ximamente se va a firmar un convenio en donde vamos a combinar los programas federales con los programas estatales, vamos a conformar una ruta para atender \u00e1reas descubiertas como el de las personas con discapacidad\u2026cubriremos progresivamente esa y otra combinaci\u00f3n para evitar duplicidades pero sobre todo para ampliar el n\u00famero de beneficiarios\u201d.<\/p>\n\n\n\n<p>Respecto al t\u00e9rmino del proyecto del gasoducto Ramal Tula, el mandatario estatal precis\u00f3 que es un energ\u00e9tico fundamental en el desarrollo econ\u00f3mico de la entidad, que permitir\u00e1 la instalaci\u00f3n de empresas, por lo tanto se convierte en una infraestructura de soporte para el impulso de la actividad econ\u00f3mica.<\/p>\n\n\n\n<p>Se\u00f1al\u00f3 que estas caracter\u00edsticas, m\u00e1s la ubicaci\u00f3n geogr\u00e1fica, comunicaciones, la cercan\u00eda con el Aeropuerto Felipe \u00c1ngeles, el crecimiento de la zona metropolitana de la Ciudad de M\u00e9xico y los servicios que ofrecen permitir\u00e1n seguir activando la econom\u00eda de la entidad.<\/p>\n\n\n\n<p>Finalmente, el mandatario estatal puntualiz\u00f3 que en breve tendr\u00e1 una reuni\u00f3n con el ejecutivo federal, Andr\u00e9s Manuel L\u00f3pez Obrador, para atender dos temas de inter\u00e9s pendientes.<\/p>\n","protected":false},"excerpt":{"rendered":"<p>El gobernador del estado de Hidalgo, Julio Menchaca Salazar, adelant\u00f3 que trabajan para la combinaci\u00f3n de programas estatales y federales con la finalidad de mejorar y ampliar la cobertura. Dijo: \u201cPr\u00f3ximamente se va a firmar un convenio en donde vamos a combinar los programas federales con los programas estatales, vamos a conformar una ruta para [&hellip;]<\/p>\n","protected":false},"author":73,"featured_media":255577,"comment_status":"closed","ping_status":"closed","sticky":false,"template":"","format":"standard","meta":{"footnotes":""},"categories":[15,59,2159],"tags":[],"class_list":["post-255576","post","type-post","status-publish","format-standard","has-post-thumbnail","hentry","category-destacadas","category-general","category-noticias-de-hidalgo"],"_links":{"self":[{"href":"https:\/\/plazajuarez.mx\/historico\/wp-json\/wp\/v2\/posts\/255576","targetHints":{"allow":["GET"]}}],"collection":[{"href":"https:\/\/plazajuarez.mx\/historico\/wp-json\/wp\/v2\/posts"}],"about":[{"href":"https:\/\/plazajuarez.mx\/historico\/wp-json\/wp\/v2\/types\/post"}],"author":[{"embeddable":true,"href":"https:\/\/plazajuarez.mx\/historico\/wp-json\/wp\/v2\/users\/73"}],"replies":[{"embeddable":true,"href":"https:\/\/plazajuarez.mx\/historico\/wp-json\/wp\/v2\/comments?post=255576"}],"version-history":[{"count":0,"href":"https:\/\/plazajuarez.mx\/historico\/wp-json\/wp\/v2\/posts\/255576\/revisions"}],"wp:featuredmedia":[{"embeddable":true,"href":"https:\/\/plazajuarez.mx\/historico\/wp-json\/wp\/v2\/media\/255577"}],"wp:attachment":[{"href":"https:\/\/plazajuarez.mx\/historico\/wp-json\/wp\/v2\/media?parent=255576"}],"wp:term":[{"taxonomy":"category","embeddable":true,"href":"https:\/\/plazajuarez.mx\/historico\/wp-json\/wp\/v2\/categories?post=255576"},{"taxonomy":"post_tag","embeddable":true,"href":"https:\/\/plazajuarez.mx\/historico\/wp-json\/wp\/v2\/tags?post=255576"}],"curies":[{"name":"wp","href":"https:\/\/api.w.org\/{rel}","templated":true}]}}