{"id":25541,"date":"2016-07-26T12:37:53","date_gmt":"2016-07-26T12:37:53","guid":{"rendered":"http:\/\/plazajuarez.mx\/index\/index.php\/2016\/07\/26\/lo-arrollan-en-el-felipe-angeles-y-esta-muy-grave\/"},"modified":"2016-07-26T12:37:53","modified_gmt":"2016-07-26T12:37:53","slug":"lo-arrollan-en-el-felipe-angeles-y-esta-muy-grave","status":"publish","type":"post","link":"https:\/\/plazajuarez.mx\/historico\/lo-arrollan-en-el-felipe-angeles-y-esta-muy-grave\/","title":{"rendered":"LO ARROLLAN EN EL FELIPE \u00c1NGELES Y ESTA MUY GRAVE"},"content":{"rendered":"<p style=\"text-align: justify;\">A LA ALTURA DE JUAN C. DORIA<\/p>\n<p>  <!--more-->  <\/p>\n<p style=\"text-align: justify;\">Param\u00e9dicos del Cuerpo de Bomberos de Hidalgo, dieron atenci\u00f3n al masculino de 45 a 49 a\u00f1os de edad y a quien luego de estabilizar trasladaron de emergencia a la cl\u00ednica del ISSSTE, para ingresarlo al \u00e1rea de Urgencias<br \/>La noche del domingo a punto estuvo de perecer un individuo, luego de que fue atropellado por un autom\u00f3vil que transitaba por el bulevar Felipe \u00c1ngeles a la altura del Fraccionamiento Juan C. Doria de esta capital hidalguense, donde el afectado tras el brutal impacto quedo mal herido y debati\u00e9ndose entre la vida y la muerte.<br \/>Del hecho tomaron conocimiento elementos de la Polic\u00eda Municipal de Pachuca y al lugar acudieron param\u00e9dicos del Cuerpo de Bomberos de Hidalgo, quienes proporcionaron las primeras atenciones al masculino de 45 a 49 a\u00f1os de edad aproximadamente y a quien luego de estabilizar trasladaron de emergencia a la cl\u00ednica del ISSSTE, para ingresarlo al \u00e1rea de Urgencias.<br \/>El siniestro tuvo lugar al filo de las 20:00 horas, sobre los carriles con direcci\u00f3n al Centro de Pachuca y se vio involucrado un autom\u00f3vil BMW 327, color gris, con placas para transitar HNK-41-98, que llevaba al volante a quien se identific\u00f3 como Adolfo \u201cM\u201d \u201cR\u201d\u00a0 de 22 a\u00f1os de edad.<br \/>En el impacto el parabrisas del veh\u00edculo se hizo a\u00f1icos, mientras que Juan Carlos \u201cN\u201d de 49 a\u00f1os result\u00f3 gravemente herido y fue trasladado al nosocomio en la ambulancia 865 del Cuerpo de bomberos.<\/p>\n","protected":false},"excerpt":{"rendered":"<p>A LA ALTURA DE JUAN C. DORIA<\/p>\n","protected":false},"author":93,"featured_media":0,"comment_status":"open","ping_status":"open","sticky":false,"template":"","format":"standard","meta":{"footnotes":""},"categories":[37],"tags":[],"class_list":["post-25541","post","type-post","status-publish","format-standard","hentry","category-barandilla"],"_links":{"self":[{"href":"https:\/\/plazajuarez.mx\/historico\/wp-json\/wp\/v2\/posts\/25541","targetHints":{"allow":["GET"]}}],"collection":[{"href":"https:\/\/plazajuarez.mx\/historico\/wp-json\/wp\/v2\/posts"}],"about":[{"href":"https:\/\/plazajuarez.mx\/historico\/wp-json\/wp\/v2\/types\/post"}],"author":[{"embeddable":true,"href":"https:\/\/plazajuarez.mx\/historico\/wp-json\/wp\/v2\/users\/93"}],"replies":[{"embeddable":true,"href":"https:\/\/plazajuarez.mx\/historico\/wp-json\/wp\/v2\/comments?post=25541"}],"version-history":[{"count":0,"href":"https:\/\/plazajuarez.mx\/historico\/wp-json\/wp\/v2\/posts\/25541\/revisions"}],"wp:attachment":[{"href":"https:\/\/plazajuarez.mx\/historico\/wp-json\/wp\/v2\/media?parent=25541"}],"wp:term":[{"taxonomy":"category","embeddable":true,"href":"https:\/\/plazajuarez.mx\/historico\/wp-json\/wp\/v2\/categories?post=25541"},{"taxonomy":"post_tag","embeddable":true,"href":"https:\/\/plazajuarez.mx\/historico\/wp-json\/wp\/v2\/tags?post=25541"}],"curies":[{"name":"wp","href":"https:\/\/api.w.org\/{rel}","templated":true}]}}