{"id":25539,"date":"2016-07-26T12:37:44","date_gmt":"2016-07-26T12:37:44","guid":{"rendered":"http:\/\/plazajuarez.mx\/index\/index.php\/2016\/07\/26\/lo-atraparon-luego-de-desvalijar-un-auto\/"},"modified":"2016-07-26T12:37:44","modified_gmt":"2016-07-26T12:37:44","slug":"lo-atraparon-luego-de-desvalijar-un-auto","status":"publish","type":"post","link":"https:\/\/plazajuarez.mx\/historico\/lo-atraparon-luego-de-desvalijar-un-auto\/","title":{"rendered":"LO ATRAPARON LUEGO DE DESVALIJAR UN AUTO"},"content":{"rendered":"<p>EN MINERAL DE LA REFORMA<\/p>\n<p>  <!--more-->  <\/p>\n<p>Polic\u00edas estatales hicieron efectiva la detenci\u00f3n de un individuo, al que se le imputa el robo de un autoest\u00e9reo de un veh\u00edculo que se encontraba estacionado a la orilla de la carretera Pachuca-Ciudad Sahag\u00fan, a la altura del kil\u00f3metro 8.5 que se ubica cerca del Parque Industrial del municipio de Mineral de la Reforma.<br \/>Del hecho la secretar\u00eda de Seguridad dio a conocer que el presunto fue descubierto en plena labor delictiva, por lo que de manera sigilosa, se acercaron al lugar donde actuaba el masculino, para finalmente interceptarlo.<br \/>La captura del presunto delincuente fue producto de los constantes recorridos de seguridad y vigilancia que realizan los uniformados estatales.<br \/>El reporte de los guardianes de la ley indica que el individuo ya hab\u00eda desprendido el est\u00e9reo y al percatarse de los polic\u00edas avent\u00f3 el aparato al suelo y trato de darse a la fuga al correr, sin embargo le coparon la escapada y fue asegurado en el lugar.<br \/>Finalmente el detenido fue trasladado a la Coordinaci\u00f3n de Seguridad Estatal, donde qued\u00f3 a disposici\u00f3n del agente del Ministerio P\u00fablico para los tr\u00e1mites correspondientes as\u00ed como los objetos asegurados.<\/p>\n","protected":false},"excerpt":{"rendered":"<p>EN MINERAL DE LA REFORMA<\/p>\n","protected":false},"author":93,"featured_media":0,"comment_status":"open","ping_status":"open","sticky":false,"template":"","format":"standard","meta":{"footnotes":""},"categories":[37],"tags":[],"class_list":["post-25539","post","type-post","status-publish","format-standard","hentry","category-barandilla"],"_links":{"self":[{"href":"https:\/\/plazajuarez.mx\/historico\/wp-json\/wp\/v2\/posts\/25539","targetHints":{"allow":["GET"]}}],"collection":[{"href":"https:\/\/plazajuarez.mx\/historico\/wp-json\/wp\/v2\/posts"}],"about":[{"href":"https:\/\/plazajuarez.mx\/historico\/wp-json\/wp\/v2\/types\/post"}],"author":[{"embeddable":true,"href":"https:\/\/plazajuarez.mx\/historico\/wp-json\/wp\/v2\/users\/93"}],"replies":[{"embeddable":true,"href":"https:\/\/plazajuarez.mx\/historico\/wp-json\/wp\/v2\/comments?post=25539"}],"version-history":[{"count":0,"href":"https:\/\/plazajuarez.mx\/historico\/wp-json\/wp\/v2\/posts\/25539\/revisions"}],"wp:attachment":[{"href":"https:\/\/plazajuarez.mx\/historico\/wp-json\/wp\/v2\/media?parent=25539"}],"wp:term":[{"taxonomy":"category","embeddable":true,"href":"https:\/\/plazajuarez.mx\/historico\/wp-json\/wp\/v2\/categories?post=25539"},{"taxonomy":"post_tag","embeddable":true,"href":"https:\/\/plazajuarez.mx\/historico\/wp-json\/wp\/v2\/tags?post=25539"}],"curies":[{"name":"wp","href":"https:\/\/api.w.org\/{rel}","templated":true}]}}