{"id":25487,"date":"2016-07-25T12:46:20","date_gmt":"2016-07-25T12:46:20","guid":{"rendered":"http:\/\/plazajuarez.mx\/index\/index.php\/2016\/07\/25\/violencia-no-es-opcion-en-chamula-obispo\/"},"modified":"2016-07-25T12:46:20","modified_gmt":"2016-07-25T12:46:20","slug":"violencia-no-es-opcion-en-chamula-obispo","status":"publish","type":"post","link":"https:\/\/plazajuarez.mx\/historico\/violencia-no-es-opcion-en-chamula-obispo\/","title":{"rendered":"Violencia no es opci\u00f3n en Chamula: Obispo"},"content":{"rendered":"<p style=\"text-align: justify;\">TUXTLA GUTI\u00c9RREZ, Chis.- Los hechos violentos en San Juan Chamula, donde fueron asesinados el alcalde Domingo L\u00f3pez Gonz\u00e1lez (PVEM) y cuatro personas m\u00e1s, genera temor, ansiedad, incertidumbre y desconfianza, que \u201ca todos nos contagia y nos encierra\u201d; que aleja a los visitantes y afecta gravemente al<\/p>\n<p>  <!--more-->  <\/p>\n<p style=\"text-align: justify;\">turismo y la econom\u00eda de mucha gente, advirti\u00f3 el obispo de la di\u00f3cesis de San Crist\u00f3bal de las Casas, Felipe Arizmendi Esquivel.<br \/>El religioso plante\u00f3 continuar la ruta del di\u00e1logo como \u00fanica alternativa viable para construir la paz social; dialogar es poner en com\u00fan los propios puntos de vista, \u201cescuchando con el coraz\u00f3n\u201d lo que dicen y exigen los otros, dispuestos para ceder en algo, anteponiendo siempre el bien com\u00fan, argument\u00f3.<br \/>Los asesinatos de anteayer s\u00e1bado en San Chamula, precis\u00f3 el obispo, advierten que la violencia est\u00e1 a flor de piel en todos los ambientes, no s\u00f3lo en comunidades ind\u00edgenas.<\/p>\n","protected":false},"excerpt":{"rendered":"<p>TUXTLA GUTI\u00c9RREZ, Chis.- Los hechos violentos en San Juan Chamula, donde fueron asesinados el alcalde Domingo L\u00f3pez Gonz\u00e1lez (PVEM) y cuatro personas m\u00e1s, genera temor, ansiedad, incertidumbre y desconfianza, que \u201ca todos nos contagia y nos encierra\u201d; que aleja a los visitantes y afecta gravemente al<\/p>\n","protected":false},"author":93,"featured_media":0,"comment_status":"open","ping_status":"open","sticky":false,"template":"","format":"standard","meta":{"footnotes":""},"categories":[36],"tags":[],"class_list":["post-25487","post","type-post","status-publish","format-standard","hentry","category-nacion"],"_links":{"self":[{"href":"https:\/\/plazajuarez.mx\/historico\/wp-json\/wp\/v2\/posts\/25487","targetHints":{"allow":["GET"]}}],"collection":[{"href":"https:\/\/plazajuarez.mx\/historico\/wp-json\/wp\/v2\/posts"}],"about":[{"href":"https:\/\/plazajuarez.mx\/historico\/wp-json\/wp\/v2\/types\/post"}],"author":[{"embeddable":true,"href":"https:\/\/plazajuarez.mx\/historico\/wp-json\/wp\/v2\/users\/93"}],"replies":[{"embeddable":true,"href":"https:\/\/plazajuarez.mx\/historico\/wp-json\/wp\/v2\/comments?post=25487"}],"version-history":[{"count":0,"href":"https:\/\/plazajuarez.mx\/historico\/wp-json\/wp\/v2\/posts\/25487\/revisions"}],"wp:attachment":[{"href":"https:\/\/plazajuarez.mx\/historico\/wp-json\/wp\/v2\/media?parent=25487"}],"wp:term":[{"taxonomy":"category","embeddable":true,"href":"https:\/\/plazajuarez.mx\/historico\/wp-json\/wp\/v2\/categories?post=25487"},{"taxonomy":"post_tag","embeddable":true,"href":"https:\/\/plazajuarez.mx\/historico\/wp-json\/wp\/v2\/tags?post=25487"}],"curies":[{"name":"wp","href":"https:\/\/api.w.org\/{rel}","templated":true}]}}