{"id":25486,"date":"2016-07-25T12:46:03","date_gmt":"2016-07-25T12:46:03","guid":{"rendered":"http:\/\/plazajuarez.mx\/index\/index.php\/2016\/07\/25\/proximos-a-caer-todos-los-implicados-en-caso-san-juan-chamula\/"},"modified":"2016-07-25T12:46:03","modified_gmt":"2016-07-25T12:46:03","slug":"proximos-a-caer-todos-los-implicados-en-caso-san-juan-chamula","status":"publish","type":"post","link":"https:\/\/plazajuarez.mx\/historico\/proximos-a-caer-todos-los-implicados-en-caso-san-juan-chamula\/","title":{"rendered":"&#8220;Pr\u00f3ximos a caer, todos los implicados en caso San Juan Chamula&#8221;"},"content":{"rendered":"<p style=\"text-align: justify;\">SOSTIENEN EL GOBERNADOR MANUEL VELASCO COELLO <br \/>\u25cf\u00a0\u00a0\u00a0 En entrevista, Velasco Coello, dijo que aunque hay seis detenidos, el Ministerio P\u00fablico est\u00e1 pr\u00f3ximo a detener los responsables de asesinato de L\u00f3pez G\u00f3mez y sus colaboradores<\/p>\n<p>  <!--more-->  <\/p>\n<p style=\"text-align: justify;\">\n<p>YITIK, Chis.- El gobernador Manuel Velasco Coello declar\u00f3 que &#8220;en las pr\u00f3ximas horas&#8221; la Polic\u00eda va a tener a &#8220;todos los implicados en el homicidio del alcalde de San Juan Chamula, Domingo L\u00f3pez Gonz\u00e1lez.<br \/>En entrevista, Velasco Coello, dijo que aunque hay seis detenidos, el Ministerio P\u00fablico est\u00e1 pr\u00f3ximo a detener los responsables de asesinato de L\u00f3pez G\u00f3mez y sus colaboradores.<br \/>El gobernador lleg\u00f3 a esta comunidad ubicada entre los l\u00edmites de Chamula, Mitontic y Chenalh\u00f3, para dar los p\u00e9sames a los familiares de L\u00f3pez G\u00f3mez.<br \/>&#8211; Ya detuvieron a seis personas. \u00bfQu\u00e9 sigue?, se le pregunt\u00f3 a Velasco Coello<br \/>&#8211; Estamos pr\u00f3ximos de detener en las pr\u00f3ximas horas a todos los implicados en estos hechos.<br \/>Los familiares de L\u00f3pez G\u00f3mez pidieron justicia y castigar a los responsables de los hechos, porque &#8220;la venganza no sirve&#8221;, declar\u00f3 Armando L\u00f3pez, uno de los hijos del<br \/>malogrado alcalde.<br \/>Velasco Coello lleg\u00f3 a esta comunidad, acompa\u00f1ado del presidente del Congreso local, Eduardo Ram\u00edrez y el senador del PVEM Luis Armando Melgar Bravo.<br \/>En la casa de Domingo L\u00f3pez Bravo se han congregado decenas de personas de comunidades de Chamula.<\/p>\n","protected":false},"excerpt":{"rendered":"<p>SOSTIENEN EL GOBERNADOR MANUEL VELASCO COELLO \u25cf\u00a0\u00a0\u00a0 En entrevista, Velasco Coello, dijo que aunque hay seis detenidos, el Ministerio P\u00fablico est\u00e1 pr\u00f3ximo a detener los responsables de asesinato de L\u00f3pez G\u00f3mez y sus colaboradores<\/p>\n","protected":false},"author":93,"featured_media":0,"comment_status":"open","ping_status":"open","sticky":false,"template":"","format":"standard","meta":{"footnotes":""},"categories":[36],"tags":[],"class_list":["post-25486","post","type-post","status-publish","format-standard","hentry","category-nacion"],"_links":{"self":[{"href":"https:\/\/plazajuarez.mx\/historico\/wp-json\/wp\/v2\/posts\/25486","targetHints":{"allow":["GET"]}}],"collection":[{"href":"https:\/\/plazajuarez.mx\/historico\/wp-json\/wp\/v2\/posts"}],"about":[{"href":"https:\/\/plazajuarez.mx\/historico\/wp-json\/wp\/v2\/types\/post"}],"author":[{"embeddable":true,"href":"https:\/\/plazajuarez.mx\/historico\/wp-json\/wp\/v2\/users\/93"}],"replies":[{"embeddable":true,"href":"https:\/\/plazajuarez.mx\/historico\/wp-json\/wp\/v2\/comments?post=25486"}],"version-history":[{"count":0,"href":"https:\/\/plazajuarez.mx\/historico\/wp-json\/wp\/v2\/posts\/25486\/revisions"}],"wp:attachment":[{"href":"https:\/\/plazajuarez.mx\/historico\/wp-json\/wp\/v2\/media?parent=25486"}],"wp:term":[{"taxonomy":"category","embeddable":true,"href":"https:\/\/plazajuarez.mx\/historico\/wp-json\/wp\/v2\/categories?post=25486"},{"taxonomy":"post_tag","embeddable":true,"href":"https:\/\/plazajuarez.mx\/historico\/wp-json\/wp\/v2\/tags?post=25486"}],"curies":[{"name":"wp","href":"https:\/\/api.w.org\/{rel}","templated":true}]}}