{"id":25483,"date":"2016-07-25T12:44:03","date_gmt":"2016-07-25T12:44:03","guid":{"rendered":"http:\/\/plazajuarez.mx\/index\/index.php\/2016\/07\/25\/ataques-en-irak-dejan-mas-de-20-muertos\/"},"modified":"2016-07-25T12:44:03","modified_gmt":"2016-07-25T12:44:03","slug":"ataques-en-irak-dejan-mas-de-20-muertos","status":"publish","type":"post","link":"https:\/\/plazajuarez.mx\/historico\/ataques-en-irak-dejan-mas-de-20-muertos\/","title":{"rendered":"ATAQUES EN IRAK DEJAN M\u00c1S DE 20 MUERTOS"},"content":{"rendered":"<p style=\"text-align: justify;\">Bagdad.- Un ataque suicida contra un punto de seguridad en el norte de Bagdad, capital de Irak, dej\u00f3 al menos 21 muertos, informan autoridades iraqu\u00edes.<\/p>\n<p>  <!--more-->  <\/p>\n<p style=\"text-align: justify;\">\n<p>Un atacante a pie se inmol\u00f3 el domingo por la ma\u00f1ana en una de las entradas m\u00e1s asediadas al distrito chi\u00ed de Kadhimiyah, matando a por lo menos 10 civiles y cuatro polic\u00edas, se\u00f1al\u00f3 un polic\u00eda. Al menos hay otras 32 personas heridas.<\/p>\n<p>Otros tres civiles murieron y 11 m\u00e1s resultaron lesionados durante la explosi\u00f3n de una bomba en un mercado al aire libre en el suburbio de Abu Ghraib, en el oeste de Bagdad, indic\u00f3 otro agente de polic\u00eda.<\/p>\n<p>Por la tarde, se inform\u00f3 que se habr\u00edan sumado al menos 7 muertos m\u00e1s y los heridos habr\u00edan alcanzado las 35 personas.<\/p>\n<p>Dos funcionarios m\u00e9dicos confirmaron el saldo fatal. Todos hablaron bajo condici\u00f3n de anonimato debido a que no estaban autorizados a difundir informaci\u00f3n.<\/p>\n<p>El grupo Estado Isl\u00e1mico (ISIS) se atribuy\u00f3 el atentado en Kadhimiyah. Las fuerzas de seguridad y las zonas p\u00fablicas, especialmente en los vecindarios chi\u00edes, son algunos de los objetivos m\u00e1s frecuentes del grupo extremista, que controla \u00e1reas clave, especialmente en el norte y oeste de Irak.<\/p>\n<p>A trav\u00e9s de la agencia de noticias Amaq, vinculada al grupo yihadista, el ISIS asegur\u00f3 que uno de \u201csus soldados\u201d, identificado como Abu Tirab al Iraqui, llev\u00f3 a cabo la acci\u00f3n contra un grupo de miembros del Ej\u00e9rcito y la milicia gubernamental Multitud Popular.<\/p>\n<p>Seg\u00fan el grupo extremista, en la agresi\u00f3n fallecieron y fueron heridos m\u00e1s de 50 uniformados en la plaza de Aden, situada en la zona chiita de Kadhimiya.<\/p>\n<p>Desde finales del a\u00f1o pasado, el grupo ha sufrido una serie de p\u00e9rdidas territoriales, la m\u00e1s reciente el mes pasado en Fallujah, en donde fuerzas iraqu\u00edes los expulsaron luego de ocupar la ciudad durante m\u00e1s de dos a\u00f1os.<\/p>\n","protected":false},"excerpt":{"rendered":"<p>Bagdad.- Un ataque suicida contra un punto de seguridad en el norte de Bagdad, capital de Irak, dej\u00f3 al menos 21 muertos, informan autoridades iraqu\u00edes.<\/p>\n","protected":false},"author":93,"featured_media":0,"comment_status":"open","ping_status":"open","sticky":false,"template":"","format":"standard","meta":{"footnotes":""},"categories":[31],"tags":[],"class_list":["post-25483","post","type-post","status-publish","format-standard","hentry","category-orbe"],"_links":{"self":[{"href":"https:\/\/plazajuarez.mx\/historico\/wp-json\/wp\/v2\/posts\/25483","targetHints":{"allow":["GET"]}}],"collection":[{"href":"https:\/\/plazajuarez.mx\/historico\/wp-json\/wp\/v2\/posts"}],"about":[{"href":"https:\/\/plazajuarez.mx\/historico\/wp-json\/wp\/v2\/types\/post"}],"author":[{"embeddable":true,"href":"https:\/\/plazajuarez.mx\/historico\/wp-json\/wp\/v2\/users\/93"}],"replies":[{"embeddable":true,"href":"https:\/\/plazajuarez.mx\/historico\/wp-json\/wp\/v2\/comments?post=25483"}],"version-history":[{"count":0,"href":"https:\/\/plazajuarez.mx\/historico\/wp-json\/wp\/v2\/posts\/25483\/revisions"}],"wp:attachment":[{"href":"https:\/\/plazajuarez.mx\/historico\/wp-json\/wp\/v2\/media?parent=25483"}],"wp:term":[{"taxonomy":"category","embeddable":true,"href":"https:\/\/plazajuarez.mx\/historico\/wp-json\/wp\/v2\/categories?post=25483"},{"taxonomy":"post_tag","embeddable":true,"href":"https:\/\/plazajuarez.mx\/historico\/wp-json\/wp\/v2\/tags?post=25483"}],"curies":[{"name":"wp","href":"https:\/\/api.w.org\/{rel}","templated":true}]}}