{"id":254821,"date":"2023-03-27T05:00:00","date_gmt":"2023-03-27T11:00:00","guid":{"rendered":"https:\/\/plazajuarez.mx\/?p=254821"},"modified":"2023-03-26T21:16:19","modified_gmt":"2023-03-27T03:16:19","slug":"sonetos-para-jorge-angel-2","status":"publish","type":"post","link":"https:\/\/plazajuarez.mx\/historico\/sonetos-para-jorge-angel-2\/","title":{"rendered":"<strong>SONETOS PARA JORGE \u00c1NGEL<\/strong>"},"content":{"rendered":"\n<p>(Segunda parte)<\/p>\n\n\n\n<p>No s\u00e9 si es vanidad o masoquismo, pero en ocasiones me da por recordar textos escritos hace mucho tiempo. Es el caso de una serie de sonetos que le escrib\u00ed a mi \u00fanico nieto, cuando ten\u00eda unas horas de nacido.<\/p>\n\n\n\n<p><strong>IV<\/strong><\/p>\n\n\n\n<p>El a\u00f1o terminaba, t\u00fa nac\u00edas<\/p>\n\n\n\n<p>Un treinta de diciembre, memorable.<\/p>\n\n\n\n<p>Un maternal regazo, responsable,<\/p>\n\n\n\n<p>Te recibi\u00f3 con cantos y poes\u00edas.<\/p>\n\n\n\n<p>Entretejidas nuestras biograf\u00edas<\/p>\n\n\n\n<p>Por gen\u00e9tico sino inescrutable,<\/p>\n\n\n\n<p>Donde no hay inocente ni culpable,<\/p>\n\n\n\n<p>Seremos \u201cm\u00e1s que dos\u201d todos los d\u00edas.<\/p>\n\n\n\n<p>No tuviste elecci\u00f3n: ser o no ser.<\/p>\n\n\n\n<p>Tiempo espacio, familia, circunstancia\u2026<\/p>\n\n\n\n<p>Pura causalidad fuiste al nacer.<\/p>\n\n\n\n<p>Tienes libre albedr\u00edo desde la infancia.<\/p>\n\n\n\n<p>Eres el responsable de tu vuelo.<\/p>\n\n\n\n<p>Yo cuidar\u00e9 tus alas: soy tu abuelo.<\/p>\n\n\n\n<p>V<\/p>\n\n\n\n<p>No puedo interpretarte con los ojos<\/p>\n\n\n\n<p>Ni t\u00fa puedes leer esta escritura.<\/p>\n\n\n\n<p>Habla la estirpe, con su lengua pura,<\/p>\n\n\n\n<p>Escucha el alma, libre de cerrojos.<\/p>\n\n\n\n<p>Eres mi sangre, sus destellos rojos.<\/p>\n\n\n\n<p>Mi fr\u00edvola sonrisa, mi cordura,<\/p>\n\n\n\n<p>Un trozo de mi vida que perdura,<\/p>\n\n\n\n<p>Un tramo de camino sin abrojos.<\/p>\n\n\n\n<p>Cuando tus facultades, en potencia,<\/p>\n\n\n\n<p>Se conviertan en acto, ya maduro<\/p>\n\n\n\n<p>-Voluntad, sentimiento, inteligencia-<\/p>\n\n\n\n<p>Espero que tu juicio no sea duro<\/p>\n\n\n\n<p>La estrella del perd\u00f3n brille en tu cielo.<\/p>\n\n\n\n<p>Con todos mis errores, soy tu abuelo.<\/p>\n\n\n\n<p>VI<\/p>\n\n\n\n<p>Nunca sent\u00ed el cari\u00f1o de un abuelo,<\/p>\n\n\n\n<p>Los dos cuando nac\u00ed ya se hab\u00edan ido,<\/p>\n\n\n\n<p>No los pude querer, ni ser querido,<\/p>\n\n\n\n<p>Ni un recuerdo me sirve de consuelo.<\/p>\n\n\n\n<p>Ambos descansan en distinto suelo,<\/p>\n\n\n\n<p>En tumbas que jam\u00e1s he conocido,<\/p>\n\n\n\n<p>Pedazos de la tierra en el olvido,<\/p>\n\n\n\n<p>Sin historia, sin l\u00e1grimas, sin duelo\u2026<\/p>\n\n\n\n<p>Te conoc\u00ed, Jorge \u00c1ngel y ya puedo<\/p>\n\n\n\n<p>Pensar que t\u00fa ser\u00e1s mi trascendencia,<\/p>\n\n\n\n<p>Cuando la muerte pida mi presencia.<\/p>\n\n\n\n<p>Envejecer a todos causa miedo.<\/p>\n\n\n\n<p>Yo no creo en el infierno ni en el cielo<\/p>\n\n\n\n<p>Pero creo en ti, mi ni\u00f1o: soy tu abuelo.<\/p>\n\n\n\n<p>VII<\/p>\n\n\n\n<p>Vivir es el sentido de la vida.<\/p>\n\n\n\n<p>Nacer es el principio del camino.<\/p>\n\n\n\n<p>Infancia que es ra\u00edz y que es destino.<\/p>\n\n\n\n<p>Presencia por los hados bendecida.<\/p>\n\n\n\n<p>Epicentro de amor donde se olvida<\/p>\n\n\n\n<p>Toda maldad, torpeza, desatino\u2026<\/p>\n\n\n\n<p>\u00c1ngel de luz cuya inocencia vino<\/p>\n\n\n\n<p>A renovar mi historia envejecida.<\/p>\n\n\n\n<p>Leyes y versos hay en tu abolengo<\/p>\n\n\n\n<p>De humilde origen: voluntad y esfuerzo.<\/p>\n\n\n\n<p>Limpio apellido por orgullo tengo.<\/p>\n\n\n\n<p>Mas, no estar\u00eda completo el Universo<\/p>\n\n\n\n<p>Sin esas luces con que el alma vuela:<\/p>\n\n\n\n<p>Los ojos de tu madre y de tu abuela.<\/p>\n","protected":false},"excerpt":{"rendered":"<p>(Segunda parte) No s\u00e9 si es vanidad o masoquismo, pero en ocasiones me da por recordar textos escritos hace mucho tiempo. Es el caso de una serie de sonetos que le escrib\u00ed a mi \u00fanico nieto, cuando ten\u00eda unas horas de nacido. IV El a\u00f1o terminaba, t\u00fa nac\u00edas Un treinta de diciembre, memorable. Un maternal [&hellip;]<\/p>\n","protected":false},"author":89,"featured_media":230477,"comment_status":"closed","ping_status":"closed","sticky":false,"template":"","format":"standard","meta":{"footnotes":""},"categories":[42,50],"tags":[],"class_list":["post-254821","post","type-post","status-publish","format-standard","has-post-thumbnail","hentry","category-nuestrapalabra","category-prisciliano-gutierrez"],"_links":{"self":[{"href":"https:\/\/plazajuarez.mx\/historico\/wp-json\/wp\/v2\/posts\/254821","targetHints":{"allow":["GET"]}}],"collection":[{"href":"https:\/\/plazajuarez.mx\/historico\/wp-json\/wp\/v2\/posts"}],"about":[{"href":"https:\/\/plazajuarez.mx\/historico\/wp-json\/wp\/v2\/types\/post"}],"author":[{"embeddable":true,"href":"https:\/\/plazajuarez.mx\/historico\/wp-json\/wp\/v2\/users\/89"}],"replies":[{"embeddable":true,"href":"https:\/\/plazajuarez.mx\/historico\/wp-json\/wp\/v2\/comments?post=254821"}],"version-history":[{"count":0,"href":"https:\/\/plazajuarez.mx\/historico\/wp-json\/wp\/v2\/posts\/254821\/revisions"}],"wp:featuredmedia":[{"embeddable":true,"href":"https:\/\/plazajuarez.mx\/historico\/wp-json\/wp\/v2\/media\/230477"}],"wp:attachment":[{"href":"https:\/\/plazajuarez.mx\/historico\/wp-json\/wp\/v2\/media?parent=254821"}],"wp:term":[{"taxonomy":"category","embeddable":true,"href":"https:\/\/plazajuarez.mx\/historico\/wp-json\/wp\/v2\/categories?post=254821"},{"taxonomy":"post_tag","embeddable":true,"href":"https:\/\/plazajuarez.mx\/historico\/wp-json\/wp\/v2\/tags?post=254821"}],"curies":[{"name":"wp","href":"https:\/\/api.w.org\/{rel}","templated":true}]}}