{"id":25482,"date":"2016-07-25T12:43:48","date_gmt":"2016-07-25T12:43:48","guid":{"rendered":"http:\/\/plazajuarez.mx\/index\/index.php\/2016\/07\/25\/detienen-a-un-adolescente-de-16-anos-amigo-del-autor-de-masacre\/"},"modified":"2016-07-25T12:43:48","modified_gmt":"2016-07-25T12:43:48","slug":"detienen-a-un-adolescente-de-16-anos-amigo-del-autor-de-masacre","status":"publish","type":"post","link":"https:\/\/plazajuarez.mx\/historico\/detienen-a-un-adolescente-de-16-anos-amigo-del-autor-de-masacre\/","title":{"rendered":"DETIENEN A UN ADOLESCENTE DE 16 A\u00d1OS AMIGO DEL AUTOR DE MASACRE"},"content":{"rendered":"<p style=\"text-align: justify;\">MATANZA EN M\u00daNICH\u00a0\u00a0 <br \/>\u25cf\u00a0\u00a0\u00a0 &#8220;Sospechamos que este muchacho de 16 a\u00f1os podr\u00eda haber estado al corriente del acto&#8221; que preparaba, indic\u00f3 la polic\u00eda en un comunicado<\/p>\n<p>  <!--more-->  <\/p>\n<p style=\"text-align: justify;\">Berl\u00edn.- La polic\u00eda alemana anunci\u00f3 que detuvo este domingo a un menor de edad afgano que era amigo del autor de la matanza ocurrida en M\u00fanich el viernes pasado.<\/p>\n<p>&#8220;Sospechamos que este muchacho de 16 a\u00f1os podr\u00eda haber estado al corriente del acto&#8221; que preparaba, indic\u00f3 la polic\u00eda en un comunicado.<\/p>\n<p>Este es el primer arresto que se produce despu\u00e9s de que el viernes, un joven alem\u00e1n de origen iran\u00ed mat\u00f3 a balazos a 9 personas e hiri\u00f3 a 35 en un centro comercial de la ciudad, ubicada al sur de Alemania.<\/p>\n<p>Seg\u00fan la polic\u00eda, David Ali Sonboly, que tras cometer el ataque se suicid\u00f3, sufr\u00eda desequilibrios psicol\u00f3gicos y estaba fascinado por las matanzas en masa.<\/p>\n<p>El adolescente detenido &#8220;se present\u00f3 espont\u00e1neamente ante la polic\u00eda tras el ataque de locura asesina y fue interrogado sobre sus v\u00ednculos con el autor&#8221;, precis\u00f3 la polic\u00eda.<\/p>\n<p>Pero, las verificaciones efectuadas &#8220;desvelaron contradicciones en sus declaraciones&#8221; y llevaron a su detenci\u00f3n por los cargos de &#8220;no denunciar un crimen&#8221;.<\/p>\n<p>La polic\u00eda inform\u00f3 que el autor de la matanza hab\u00eda tendido una trampa a sus v\u00edctimas a trav\u00e9s de la red social internauta Facebook, siguiendo una trama que &#8220;prepar\u00f3 durante un a\u00f1o, o sea, lo ven\u00eda preparando desde el verano pasado&#8221;.<\/p>\n<p>Sonboly sent\u00eda adem\u00e1s fascinaci\u00f3n por Anders Behring Breivik, autor de la masacre de 77 personas en Noruega, el tiroteo de M\u00fanich tuvo lugar exactamente cinco a\u00f1os despu\u00e9s.<\/p>\n<p>La polic\u00eda considera tambi\u00e9n que el tirador se vio influenciado por la matanza de Winnenden (suroeste) en marzo de 2009, donde un joven de 17 a\u00f1os abri\u00f3 fuego en su excolegio, matando a 15 personas, para luego suicidares.<\/p>\n","protected":false},"excerpt":{"rendered":"<p>MATANZA EN M\u00daNICH\u00a0\u00a0 \u25cf\u00a0\u00a0\u00a0 &#8220;Sospechamos que este muchacho de 16 a\u00f1os podr\u00eda haber estado al corriente del acto&#8221; que preparaba, indic\u00f3 la polic\u00eda en un comunicado<\/p>\n","protected":false},"author":93,"featured_media":0,"comment_status":"open","ping_status":"open","sticky":false,"template":"","format":"standard","meta":{"footnotes":""},"categories":[31],"tags":[],"class_list":["post-25482","post","type-post","status-publish","format-standard","hentry","category-orbe"],"_links":{"self":[{"href":"https:\/\/plazajuarez.mx\/historico\/wp-json\/wp\/v2\/posts\/25482","targetHints":{"allow":["GET"]}}],"collection":[{"href":"https:\/\/plazajuarez.mx\/historico\/wp-json\/wp\/v2\/posts"}],"about":[{"href":"https:\/\/plazajuarez.mx\/historico\/wp-json\/wp\/v2\/types\/post"}],"author":[{"embeddable":true,"href":"https:\/\/plazajuarez.mx\/historico\/wp-json\/wp\/v2\/users\/93"}],"replies":[{"embeddable":true,"href":"https:\/\/plazajuarez.mx\/historico\/wp-json\/wp\/v2\/comments?post=25482"}],"version-history":[{"count":0,"href":"https:\/\/plazajuarez.mx\/historico\/wp-json\/wp\/v2\/posts\/25482\/revisions"}],"wp:attachment":[{"href":"https:\/\/plazajuarez.mx\/historico\/wp-json\/wp\/v2\/media?parent=25482"}],"wp:term":[{"taxonomy":"category","embeddable":true,"href":"https:\/\/plazajuarez.mx\/historico\/wp-json\/wp\/v2\/categories?post=25482"},{"taxonomy":"post_tag","embeddable":true,"href":"https:\/\/plazajuarez.mx\/historico\/wp-json\/wp\/v2\/tags?post=25482"}],"curies":[{"name":"wp","href":"https:\/\/api.w.org\/{rel}","templated":true}]}}