{"id":25465,"date":"2016-07-25T12:36:42","date_gmt":"2016-07-25T12:36:42","guid":{"rendered":"http:\/\/plazajuarez.mx\/index\/index.php\/2016\/07\/25\/camaras-de-vigilancia-y-bando-mixto-para-combatir-la-inseguridad\/"},"modified":"2016-07-25T12:36:42","modified_gmt":"2016-07-25T12:36:42","slug":"camaras-de-vigilancia-y-bando-mixto-para-combatir-la-inseguridad","status":"publish","type":"post","link":"https:\/\/plazajuarez.mx\/historico\/camaras-de-vigilancia-y-bando-mixto-para-combatir-la-inseguridad\/","title":{"rendered":"C\u00e1maras de vigilancia y bando mixto, para combatir la inseguridad"},"content":{"rendered":"<p style=\"text-align: justify;\">ESTRATEGIAS EN TULANCINGO <br \/>\u25cf\u00a0\u00a0\u00a0 Puntualiz\u00f3 presidente municipal electo, Fernando P\u00e9rez Rodr\u00edguez<br \/>\u25cf\u00a0\u00a0\u00a0 Destac\u00f3 que en Tulancingo se han estado incrementando los \u00edndices delictivos<\/p>\n<p>  <!--more-->  <\/p>\n<p style=\"text-align: justify;\">El presidente municipal electo por el municipio de Tulancingo de Bravo, Fernando P\u00e9rez Rodr\u00edguez puntualiz\u00f3 que las c\u00e1maras de vigilancia as\u00ed como la incorporaci\u00f3n al bando mixto, son algunas estrategias propuestas para hacer frente a la inseguridad que se vive en esta demarcaci\u00f3n.<\/p>\n<p>&#8220;En materia de seguridad, al ser considerado Tulancingo un foco rojo, estamos buscando a la persona id\u00f3nea, adem\u00e1s planteo incorporar al municipio al bando mixto y tenemos que entrarle con el gobernador electo (Omar Fayad Meneses) a las c\u00e1maras de v\u00eddeo vigilancia para apoyar a los elementos&#8221;, dijo.<\/p>\n<p>Destac\u00f3 que en Tulancingo se han estado incrementando los \u00edndices delictivos en el \u00e1mbito de robo a casa habitaci\u00f3n, veh\u00edculos y de manera preocupante, a transe\u00fantes, por ello la importancia de implementar estrategias eficaces para su combate.<\/p>\n<p>Asimismo, P\u00e9rez Rodr\u00edguez reconoci\u00f3\u00a0 que existe una merma, respecto a la cantidad de elementos de seguridad, derivado de la aplicaci\u00f3n de ex\u00e1menes de educaci\u00f3n media superior, por tal motivo considera necesario impulsar su crecimiento con mayores apoyos en donde est\u00e9 involucrada la tecnolog\u00eda.<\/p>\n<p>Adem\u00e1s, indic\u00f3, analiza la operatividad de las sub comandancias para que no se queden en el plano de casetas de vigilancia, para que el dinero invertido sea \u00fatil y los tulancinguenses se sientan seguros y &#8220;tengamos un Tulancingo seguro y tranquilo&#8221;.<\/p>\n<p>Ante este panorama, Fernando P\u00e9rez Rodr\u00edguez, alcalde electo por Tulancingo de Bravo, subray\u00f3 que desde el primer d\u00eda de su gesti\u00f3n, atender\u00e1 de manera prioritaria el rubro de seguridad p\u00fablica.<\/p>\n<p>Respecto al proceso de entrega recepci\u00f3n, inform\u00f3 que ya sostuvo dos reuniones con el presidente municipal Julio Soto, y fijaron un calendario para iniciar con el procedimiento, mismo que iniciar\u00e1 a partir del 15 de Agosto, &#8220;nos sujetaremos a los lineamientos de la Auditor\u00eda Superior del Estado de Hidalgo , estoy confiado que las cosas van a salir bien, adem\u00e1s, existe buena disposici\u00f3n por parte del alcalde&#8221;, concluy\u00f3.<\/p>\n","protected":false},"excerpt":{"rendered":"<p>ESTRATEGIAS EN TULANCINGO \u25cf\u00a0\u00a0\u00a0 Puntualiz\u00f3 presidente municipal electo, Fernando P\u00e9rez Rodr\u00edguez\u25cf\u00a0\u00a0\u00a0 Destac\u00f3 que en Tulancingo se han estado incrementando los \u00edndices delictivos<\/p>\n","protected":false},"author":93,"featured_media":0,"comment_status":"open","ping_status":"open","sticky":false,"template":"","format":"standard","meta":{"footnotes":""},"categories":[59],"tags":[],"class_list":["post-25465","post","type-post","status-publish","format-standard","hentry","category-general"],"_links":{"self":[{"href":"https:\/\/plazajuarez.mx\/historico\/wp-json\/wp\/v2\/posts\/25465","targetHints":{"allow":["GET"]}}],"collection":[{"href":"https:\/\/plazajuarez.mx\/historico\/wp-json\/wp\/v2\/posts"}],"about":[{"href":"https:\/\/plazajuarez.mx\/historico\/wp-json\/wp\/v2\/types\/post"}],"author":[{"embeddable":true,"href":"https:\/\/plazajuarez.mx\/historico\/wp-json\/wp\/v2\/users\/93"}],"replies":[{"embeddable":true,"href":"https:\/\/plazajuarez.mx\/historico\/wp-json\/wp\/v2\/comments?post=25465"}],"version-history":[{"count":0,"href":"https:\/\/plazajuarez.mx\/historico\/wp-json\/wp\/v2\/posts\/25465\/revisions"}],"wp:attachment":[{"href":"https:\/\/plazajuarez.mx\/historico\/wp-json\/wp\/v2\/media?parent=25465"}],"wp:term":[{"taxonomy":"category","embeddable":true,"href":"https:\/\/plazajuarez.mx\/historico\/wp-json\/wp\/v2\/categories?post=25465"},{"taxonomy":"post_tag","embeddable":true,"href":"https:\/\/plazajuarez.mx\/historico\/wp-json\/wp\/v2\/tags?post=25465"}],"curies":[{"name":"wp","href":"https:\/\/api.w.org\/{rel}","templated":true}]}}