{"id":25460,"date":"2016-07-24T16:06:54","date_gmt":"2016-07-24T16:06:54","guid":{"rendered":"http:\/\/plazajuarez.mx\/index\/index.php\/2016\/07\/24\/el-candidato-del-cafe\/"},"modified":"2016-07-24T16:06:54","modified_gmt":"2016-07-24T16:06:54","slug":"el-candidato-del-cafe","status":"publish","type":"post","link":"https:\/\/plazajuarez.mx\/historico\/el-candidato-del-cafe\/","title":{"rendered":"El candidato del caf\u00e9"},"content":{"rendered":"<p>Historias de Bur\u00f3<\/p>\n<p>  <!--more-->  <\/p>\n<p>Ah\u00ed estaba, en la recta final de su campa\u00f1a, haciendo promoci\u00f3n para su candidatura como pr\u00f3ximo dictador de un peque\u00f1o pueblo, rodeado de cientos de j\u00f3venes que al un\u00edsono gritaban su nombre y el cargo que tomar\u00eda de ser el ganador de la contienda.<br \/>Detr\u00e1s de \u00e9l, todo su equipo, con las mejillas entumecidas por tanta sonrisa falsa que durante un mes se encargaron de transmitir a las personas, cansados de aquellos largos recorridos a pie por las calles del pueblo que acostumbraban hacer con esas camionetas de s\u00faper lujo.<br \/>Ubicada en la parte de atr\u00e1s del escenario, escuchaba atentamente su discurso; no tanto por inter\u00e9s, m\u00e1s bien por obligaci\u00f3n; su voz, rasposa y apagada ya exig\u00eda un descanso por tantos discursos emitidos a grandes, y en ocasiones a peque\u00f1os grupos que lo esperaban, sin embargo, no desisti\u00f3 de alentar a los j\u00f3venes ah\u00ed presentes con gritos de victoria y alegr\u00eda asegurando un futuro mejor para ellos.<br \/>Una chica se par\u00f3 justo a un lado de m\u00ed; sonriente y animosa me pregunt\u00f3 si el evento ten\u00eda rato de haber comenzado, a lo que afirm\u00e9 que s\u00ed. <br \/>-\u00bfVienes en grupo o sola?<br \/>&#8211; Sola, respond\u00ed al tiempo que miraba al candidato del caf\u00e9 emitir su discurso.<br \/>&#8211; \u00a1Que buena vista tenemos! Me dijo tomando su celular y sacando una foto, pensando que se refer\u00eda a la propaganda que hab\u00eda detr\u00e1s del escenario donde se pod\u00edan distinguir algunas servilletas con el logo del partido, unos termos y algo que se me figur\u00f3 unas cafeteras. Le dije que s\u00ed y sonre\u00ed con ella.<br \/>Cuando me ense\u00f1\u00f3 la imagen que hab\u00eda tomado pude ver la espalda del candidato y haci\u00e9ndole zoom a la foto, me mostr\u00f3 el escaso trasero del candidato que al parecer le hab\u00eda interesado a la chica. Extra\u00f1ada la vi y opte por alejarme de ella.<br \/>Sonre\u00ed para mis adentros y me coloqu\u00e9 en otro sitio hasta que termin\u00f3 el evento, sin embargo no perd\u00ed de vista a la chava que permaneci\u00f3 deleit\u00e1ndose con su paisaje; el trasero del candidato del caf\u00e9. <\/p>\n<p><\/p>\n","protected":false},"excerpt":{"rendered":"<p>Historias de Bur\u00f3<\/p>\n","protected":false},"author":93,"featured_media":0,"comment_status":"open","ping_status":"open","sticky":false,"template":"","format":"standard","meta":{"footnotes":""},"categories":[42],"tags":[],"class_list":["post-25460","post","type-post","status-publish","format-standard","hentry","category-nuestrapalabra"],"_links":{"self":[{"href":"https:\/\/plazajuarez.mx\/historico\/wp-json\/wp\/v2\/posts\/25460","targetHints":{"allow":["GET"]}}],"collection":[{"href":"https:\/\/plazajuarez.mx\/historico\/wp-json\/wp\/v2\/posts"}],"about":[{"href":"https:\/\/plazajuarez.mx\/historico\/wp-json\/wp\/v2\/types\/post"}],"author":[{"embeddable":true,"href":"https:\/\/plazajuarez.mx\/historico\/wp-json\/wp\/v2\/users\/93"}],"replies":[{"embeddable":true,"href":"https:\/\/plazajuarez.mx\/historico\/wp-json\/wp\/v2\/comments?post=25460"}],"version-history":[{"count":0,"href":"https:\/\/plazajuarez.mx\/historico\/wp-json\/wp\/v2\/posts\/25460\/revisions"}],"wp:attachment":[{"href":"https:\/\/plazajuarez.mx\/historico\/wp-json\/wp\/v2\/media?parent=25460"}],"wp:term":[{"taxonomy":"category","embeddable":true,"href":"https:\/\/plazajuarez.mx\/historico\/wp-json\/wp\/v2\/categories?post=25460"},{"taxonomy":"post_tag","embeddable":true,"href":"https:\/\/plazajuarez.mx\/historico\/wp-json\/wp\/v2\/tags?post=25460"}],"curies":[{"name":"wp","href":"https:\/\/api.w.org\/{rel}","templated":true}]}}