{"id":25459,"date":"2016-07-24T16:07:42","date_gmt":"2016-07-24T16:07:42","guid":{"rendered":"http:\/\/plazajuarez.mx\/index\/index.php\/2016\/07\/24\/biblioteca-publica-del-estado-de-jalisco-cumple-155-anos\/"},"modified":"2016-07-24T16:07:42","modified_gmt":"2016-07-24T16:07:42","slug":"biblioteca-publica-del-estado-de-jalisco-cumple-155-anos","status":"publish","type":"post","link":"https:\/\/plazajuarez.mx\/historico\/biblioteca-publica-del-estado-de-jalisco-cumple-155-anos\/","title":{"rendered":"Biblioteca P\u00fablica del Estado de Jalisco cumple 155 a\u00f1os"},"content":{"rendered":"<p>ABRIR\u00c1 UNA NUEVA SEDE\u00a0 <br \/>\u25cf\u00a0\u00a0\u00a0 Llevar\u00e1n una serie de eventos en el lugar para conmemorar un aniversario m\u00e1s<\/p>\n<p>  <!--more-->  <\/p>\n<p>Como parte de los festejos por el 155 aniversario de la Biblioteca P\u00fablica del Estado de Jalisco &#8220;Juan Jos\u00e9 Arreola&#8221; (BPEJ), para finales de agosto abrir\u00e1 una nueva sede en las instalaciones del N\u00facleo Agua Azul, que contar\u00e1 con 60 mil ejemplares del acervo contempor\u00e1neo y 30 equipos de c\u00f3mputo.<br \/>\u00a0\u00a0\u00a0\u00a0 El director de la biblioteca, Juan Manuel Dur\u00e1n Ju\u00e1rez, agreg\u00f3 que al regresar del periodo vacacional, &#8220;vamos a reabrir una biblioteca relativamente peque\u00f1a, que contar\u00e1 con alrededor de 60 mil ejemplares&#8221;.<br \/>&#8220;Estar\u00e1 en el N\u00facleo del Agua Azul, con el fin de atender a los j\u00f3venes de bachillerato del sur de la ciudad y a los adultos mayores que pertenecen al Sistema Universitario del Adulto Mayor, como parte de la celebraci\u00f3n del 155 aniversario de la BPEJ&#8221;, apunt\u00f3.<br \/>Mencion\u00f3 que adem\u00e1s, en el marco del aniversario, dictar\u00e1 este 25 de julio la conferencia &#8220;Nuevas herramientas tecnol\u00f3gicas de la BPEJ&#8221;, en el auditorio de esta biblioteca.<\/p>\n","protected":false},"excerpt":{"rendered":"<p>ABRIR\u00c1 UNA NUEVA SEDE\u00a0 \u25cf\u00a0\u00a0\u00a0 Llevar\u00e1n una serie de eventos en el lugar para conmemorar un aniversario m\u00e1s<\/p>\n","protected":false},"author":93,"featured_media":0,"comment_status":"open","ping_status":"open","sticky":false,"template":"","format":"standard","meta":{"footnotes":""},"categories":[41],"tags":[],"class_list":["post-25459","post","type-post","status-publish","format-standard","hentry","category-arteria-cultural"],"_links":{"self":[{"href":"https:\/\/plazajuarez.mx\/historico\/wp-json\/wp\/v2\/posts\/25459","targetHints":{"allow":["GET"]}}],"collection":[{"href":"https:\/\/plazajuarez.mx\/historico\/wp-json\/wp\/v2\/posts"}],"about":[{"href":"https:\/\/plazajuarez.mx\/historico\/wp-json\/wp\/v2\/types\/post"}],"author":[{"embeddable":true,"href":"https:\/\/plazajuarez.mx\/historico\/wp-json\/wp\/v2\/users\/93"}],"replies":[{"embeddable":true,"href":"https:\/\/plazajuarez.mx\/historico\/wp-json\/wp\/v2\/comments?post=25459"}],"version-history":[{"count":0,"href":"https:\/\/plazajuarez.mx\/historico\/wp-json\/wp\/v2\/posts\/25459\/revisions"}],"wp:attachment":[{"href":"https:\/\/plazajuarez.mx\/historico\/wp-json\/wp\/v2\/media?parent=25459"}],"wp:term":[{"taxonomy":"category","embeddable":true,"href":"https:\/\/plazajuarez.mx\/historico\/wp-json\/wp\/v2\/categories?post=25459"},{"taxonomy":"post_tag","embeddable":true,"href":"https:\/\/plazajuarez.mx\/historico\/wp-json\/wp\/v2\/tags?post=25459"}],"curies":[{"name":"wp","href":"https:\/\/api.w.org\/{rel}","templated":true}]}}