{"id":25457,"date":"2016-07-24T16:07:09","date_gmt":"2016-07-24T16:07:09","guid":{"rendered":"http:\/\/plazajuarez.mx\/index\/index.php\/2016\/07\/24\/placido-domingo-con-el-teatro-degollado-en-la-piel-develo-placa-conmemorativa\/"},"modified":"2016-07-24T16:07:09","modified_gmt":"2016-07-24T16:07:09","slug":"placido-domingo-con-el-teatro-degollado-en-la-piel-develo-placa-conmemorativa","status":"publish","type":"post","link":"https:\/\/plazajuarez.mx\/historico\/placido-domingo-con-el-teatro-degollado-en-la-piel-develo-placa-conmemorativa\/","title":{"rendered":"PL\u00c1CIDO DOMINGO, CON EL TEATRO DEGOLLADO EN LA PIEL; DEVEL\u00d3 PLACA CONMEMORATIVA"},"content":{"rendered":"<p>150 A\u00d1OS DEL RECINTO<br \/>\u25cf\u00a0\u00a0\u00a0 Un escenario que acogi\u00f3 a sus padres cientos de veces; presencia del tenor Pl\u00e1cido Domingo en Guadalajara, dentro de la final del certamen Operalia<\/p>\n<p>  <!--more-->  <\/p>\n<p>El Teatro Degollado cumplir\u00e1 150 a\u00f1os de actividad el pr\u00f3ximo 13 de septiembre. Con motivo de la presencia de Pl\u00e1cido Domingo en Guadalajara, dentro de la final del certamen Operalia, se devel\u00f3 la placa conmemorativa del aniversario. El tenor, el gobernador del Estado, Arist\u00f3teles Sandoval y la titular de la Secretar\u00eda de Cultura, Myriam Vachez encabezaron la ceremonia.<br \/>Myriam Vachez Plagnol, titular de Cultura, record\u00f3 que \u201chace 50 a\u00f1os en el centenario del teatro, en aquella ocasi\u00f3n se tuvo a un joven Pl\u00e1cido Domingo como invitado\u201d. La placa conmemorativa de aquella ocasi\u00f3n se ostenta actualmente en las paredes del Teatro Degollado.<br \/>El cantante de \u00f3pera expres\u00f3 su emoci\u00f3n por estar de nuevo en el escenario \u201cque pisaron mis padres cientos de veces\u201d. El cantante es hijo de Pepita Embil y Pl\u00e1cido Domingo (padre), especializados en la zarzuela y que participaron con frecuencia en el Degollado con su compa\u00f1\u00eda. <\/p>\n","protected":false},"excerpt":{"rendered":"<p>150 A\u00d1OS DEL RECINTO\u25cf\u00a0\u00a0\u00a0 Un escenario que acogi\u00f3 a sus padres cientos de veces; presencia del tenor Pl\u00e1cido Domingo en Guadalajara, dentro de la final del certamen Operalia<\/p>\n","protected":false},"author":93,"featured_media":0,"comment_status":"open","ping_status":"open","sticky":false,"template":"","format":"standard","meta":{"footnotes":""},"categories":[41],"tags":[],"class_list":["post-25457","post","type-post","status-publish","format-standard","hentry","category-arteria-cultural"],"_links":{"self":[{"href":"https:\/\/plazajuarez.mx\/historico\/wp-json\/wp\/v2\/posts\/25457","targetHints":{"allow":["GET"]}}],"collection":[{"href":"https:\/\/plazajuarez.mx\/historico\/wp-json\/wp\/v2\/posts"}],"about":[{"href":"https:\/\/plazajuarez.mx\/historico\/wp-json\/wp\/v2\/types\/post"}],"author":[{"embeddable":true,"href":"https:\/\/plazajuarez.mx\/historico\/wp-json\/wp\/v2\/users\/93"}],"replies":[{"embeddable":true,"href":"https:\/\/plazajuarez.mx\/historico\/wp-json\/wp\/v2\/comments?post=25457"}],"version-history":[{"count":0,"href":"https:\/\/plazajuarez.mx\/historico\/wp-json\/wp\/v2\/posts\/25457\/revisions"}],"wp:attachment":[{"href":"https:\/\/plazajuarez.mx\/historico\/wp-json\/wp\/v2\/media?parent=25457"}],"wp:term":[{"taxonomy":"category","embeddable":true,"href":"https:\/\/plazajuarez.mx\/historico\/wp-json\/wp\/v2\/categories?post=25457"},{"taxonomy":"post_tag","embeddable":true,"href":"https:\/\/plazajuarez.mx\/historico\/wp-json\/wp\/v2\/tags?post=25457"}],"curies":[{"name":"wp","href":"https:\/\/api.w.org\/{rel}","templated":true}]}}