{"id":25456,"date":"2016-07-24T16:05:11","date_gmt":"2016-07-24T16:05:11","guid":{"rendered":"http:\/\/plazajuarez.mx\/index\/index.php\/2016\/07\/24\/grandiosas-lleno-al-publico-de-nostalgia\/"},"modified":"2016-07-24T16:05:11","modified_gmt":"2016-07-24T16:05:11","slug":"grandiosas-lleno-al-publico-de-nostalgia","status":"publish","type":"post","link":"https:\/\/plazajuarez.mx\/historico\/grandiosas-lleno-al-publico-de-nostalgia\/","title":{"rendered":"GranDiosas llen\u00f3 al p\u00fablico de nostalgia"},"content":{"rendered":"<p>REVIVEN TEMAS DE AMOR Y DOLOR\u00a0 <br \/>\u25cf\u00a0\u00a0\u00a0 Karina, Mar\u00eda Conchita Alonso, Manoella Torres y Dulce tomaron el escenario del Teatro Metrop\u00f3litan<\/p>\n<p>  <!--more-->  <\/p>\n<p>Cuatro diosas de la m\u00fasica tomaron el escenario del Teatro Metrop\u00f3litan el viernes por la noche para revivir temas de amor y dolor con sus voces. Una especie de catarsis para un p\u00fablico que de principio a fin hizo segunda a Karina, Mar\u00eda Conchita Alonso, Manoella Torres y Dulce a la hora de cantar. <br \/>El formato GranDiosas lleva ya varios a\u00f1os con vida bajo la producci\u00f3n de Hugo Mejuto, a quien las artistas dedicaron el concierto de este viernes y en especial, a su mam\u00e1, quien se encuentra en situaci\u00f3n grave en el hospital.<br \/>Los invitados, Ana B\u00e1rbara, Regina Orozco y Bustamante tambi\u00e9n complacieron al p\u00fablico y este \u00faltimo entreg\u00f3 a las GranDiosas un disco de oro.<br \/>Vestidas completamente de blanco e iluminadas por cientos de luces, las cantantes aparecieron poco despu\u00e9s de las 20:30 para dar inicio con la noche nada m\u00e1s y nada menos que con un popurr\u00ed en el que son\u00f3 &#8220;\u00c9l me minti\u00f3&#8221;, es decir, una probadita de lo que se avecinaba para esa noche en la que sin duda todos dedicaron alguna canci\u00f3n o se identificaron otras y motivados por la fuerza de las voces de las artistas, se animaron a cantar desde sus lugares.<br \/>&#8220;Yo quiero dar la bienvenida con un aplauso muy grande a una reina que nos visita esta noche, es mi comadre, la se\u00f1ora Luc\u00eda M\u00e9ndez, comadre goce su aplauso porque de todas maneras aunque pidan y aplaudan no la vamos a invitar (a cantar) porque queremos que la comadre un d\u00eda de estos sea una GranDiosa, \u00bfc\u00f3mo ven? Comadre no perdemos la esperanza de que sea usted una invitada muy especial de este show de las grandiosas que adem\u00e1s te lo vamos a dedicar&#8221;, dijo Dulce al tomar el micr\u00f3fono y dar la bienvenida al p\u00fablico entre el que tambi\u00e9n se encontraba Mariana Seoane.<br \/>EL FORMATO GRANDIOSAS LLEVA YA VARIOS A\u00d1OS CON VIDA BAJO LA PRODUCCI\u00d3N DE HUGO MEJUTO<\/p>\n","protected":false},"excerpt":{"rendered":"<p>REVIVEN TEMAS DE AMOR Y DOLOR\u00a0 \u25cf\u00a0\u00a0\u00a0 Karina, Mar\u00eda Conchita Alonso, Manoella Torres y Dulce tomaron el escenario del Teatro Metrop\u00f3litan<\/p>\n","protected":false},"author":93,"featured_media":0,"comment_status":"open","ping_status":"open","sticky":false,"template":"","format":"standard","meta":{"footnotes":""},"categories":[38],"tags":[],"class_list":["post-25456","post","type-post","status-publish","format-standard","hentry","category-show"],"_links":{"self":[{"href":"https:\/\/plazajuarez.mx\/historico\/wp-json\/wp\/v2\/posts\/25456","targetHints":{"allow":["GET"]}}],"collection":[{"href":"https:\/\/plazajuarez.mx\/historico\/wp-json\/wp\/v2\/posts"}],"about":[{"href":"https:\/\/plazajuarez.mx\/historico\/wp-json\/wp\/v2\/types\/post"}],"author":[{"embeddable":true,"href":"https:\/\/plazajuarez.mx\/historico\/wp-json\/wp\/v2\/users\/93"}],"replies":[{"embeddable":true,"href":"https:\/\/plazajuarez.mx\/historico\/wp-json\/wp\/v2\/comments?post=25456"}],"version-history":[{"count":0,"href":"https:\/\/plazajuarez.mx\/historico\/wp-json\/wp\/v2\/posts\/25456\/revisions"}],"wp:attachment":[{"href":"https:\/\/plazajuarez.mx\/historico\/wp-json\/wp\/v2\/media?parent=25456"}],"wp:term":[{"taxonomy":"category","embeddable":true,"href":"https:\/\/plazajuarez.mx\/historico\/wp-json\/wp\/v2\/categories?post=25456"},{"taxonomy":"post_tag","embeddable":true,"href":"https:\/\/plazajuarez.mx\/historico\/wp-json\/wp\/v2\/tags?post=25456"}],"curies":[{"name":"wp","href":"https:\/\/api.w.org\/{rel}","templated":true}]}}