{"id":254159,"date":"2023-03-22T08:53:21","date_gmt":"2023-03-22T14:53:21","guid":{"rendered":"https:\/\/plazajuarez.mx\/?p=254159"},"modified":"2023-03-22T08:53:29","modified_gmt":"2023-03-22T14:53:29","slug":"buscan-senadores-del-pri-remover-a-osorio-chong","status":"publish","type":"post","link":"https:\/\/plazajuarez.mx\/historico\/buscan-senadores-del-pri-remover-a-osorio-chong\/","title":{"rendered":"Buscan senadores del PRI remover a Osorio Chong"},"content":{"rendered":"\n<p>La mitad m\u00e1s uno, es decir, siete de 13 senadores del PRI convocaron para este mi\u00e9rcoles a una asamblea general extraordinaria del grupo parlamentario, con la finalidad de atender asuntos urgentes de la reorganizaci\u00f3n de la bancada, entre los que destaca la posible remoci\u00f3n de su coordinador, Miguel \u00c1ngel Osorio Chong, quien ser\u00eda relevado por Manuel A\u00f1orve.<br><br>La convocatoria est\u00e1 firmada por los senadores Mario Zamora, Jorge Carlos Ram\u00edrez Mar\u00edn, Manuel A\u00f1orve, Beatriz Paredes, \u00c1ngel Garc\u00eda Ya\u00f1ez, Claudia Anaya y Silvana Beltrones, y seg\u00fan fuentes de la bancada, en realidad son nueve los legisladores que cuentan con el respaldo de Carlos Aceves del Olmo, que est\u00e1 delicado de salud, y Ver\u00f3nica Mart\u00ednez, quien est\u00e1 fuera de la Ciudad de M\u00e9xico.<br><br>De acuerdo con las fuentes consultadas, hay inconformidad con Osorio Chong por &#8220;el abandono&#8221; en el que tiene al grupo parlamentario, y aunque no es un hecho, s\u00ed &#8220;hay muchas posibilidades&#8221; de que sea destituido, aunque todo se definir\u00e1 este mi\u00e9rcoles.<br><br>&#8220;Hay un vac\u00edo en la coordinaci\u00f3n del grupo parlamentario&#8221;, expresaron algunos de los senadores convocantes. En el punto 3 del orden del d\u00eda de la asamblea general extraordinaria, que se realizar\u00e1 a las 6 de la tarde, se lee: &#8220;Asuntos urgentes e impostergables de la organizaci\u00f3n interna del Grupo Parlamentario&#8221;.<br><br>El documento detalla que la convocatoria la realizan &#8220;las y los senadores integrantes del Grupo Parlamentario del Partido Revolucionario Institucional en el Senado de la Rep\u00fablica, en ejercicio del derecho de autonom\u00eda para la organizaci\u00f3n y funcionamiento interno establecido en el art\u00edculo 71 de la Ley General del Congreso de la Uni\u00f3n, el art\u00edculo 25 del Reglamento del Senado de la Rep\u00fablica y con fundamento en los art\u00edculos 3,4, 7, 9, 14 y 16 del Reglamento del Grupo Parlamentario&#8221;.<br><br>Cabe recordar que el senador Osorio Chong ha tenido fuertes fricciones con el presidente nacional del PRI, Alejandro Moreno C\u00e1rdenas, con quien ha protagonizado desencuentros y enfrentamientos en los \u00faltimos meses.<br><br>En un intento por limar asperezas y evitar que sus diferencias afectaran el trabajo del Grupo Parlamentario en el Senado, ambos pol\u00edticos sostuvieron una reuni\u00f3n a puerta cerrada el pasado 9 de febrero, en la que supuestamente acordaron dejar atr\u00e1s sus problemas personales y mejorar el di\u00e1logo y la coordinaci\u00f3n entre la dirigencia del partido y la bancada tricolor en la C\u00e1mara Alta.<br><br>Ese d\u00eda, al final del encuentro, toda la fracci\u00f3n parlamentaria y la dirigencia priista dieron una conferencia de prensa conjunta en la que aseguraron que hab\u00edan sido superadas las confrontaciones y antepondr\u00edan la unidad del partido y del grupo parlamentario.<br><br>Sin embargo, el 4 de marzo, aniversario de la fundaci\u00f3n del PRI, llam\u00f3 la atenci\u00f3n la ausencia de Osorio Chong y de la senadora Claudia Ruiz Massieu en la celebraci\u00f3n oficial.<\/p>\n","protected":false},"excerpt":{"rendered":"<p>La mitad m\u00e1s uno, es decir, siete de 13 senadores del PRI convocaron para este mi\u00e9rcoles a una asamblea general extraordinaria del grupo parlamentario, con la finalidad de atender asuntos urgentes de la reorganizaci\u00f3n de la bancada, entre los que destaca la posible remoci\u00f3n de su coordinador, Miguel \u00c1ngel Osorio Chong, quien ser\u00eda relevado por [&hellip;]<\/p>\n","protected":false},"author":81,"featured_media":248947,"comment_status":"closed","ping_status":"closed","sticky":false,"template":"","format":"standard","meta":{"footnotes":""},"categories":[15,36],"tags":[],"class_list":["post-254159","post","type-post","status-publish","format-standard","has-post-thumbnail","hentry","category-destacadas","category-nacion"],"_links":{"self":[{"href":"https:\/\/plazajuarez.mx\/historico\/wp-json\/wp\/v2\/posts\/254159","targetHints":{"allow":["GET"]}}],"collection":[{"href":"https:\/\/plazajuarez.mx\/historico\/wp-json\/wp\/v2\/posts"}],"about":[{"href":"https:\/\/plazajuarez.mx\/historico\/wp-json\/wp\/v2\/types\/post"}],"author":[{"embeddable":true,"href":"https:\/\/plazajuarez.mx\/historico\/wp-json\/wp\/v2\/users\/81"}],"replies":[{"embeddable":true,"href":"https:\/\/plazajuarez.mx\/historico\/wp-json\/wp\/v2\/comments?post=254159"}],"version-history":[{"count":0,"href":"https:\/\/plazajuarez.mx\/historico\/wp-json\/wp\/v2\/posts\/254159\/revisions"}],"wp:featuredmedia":[{"embeddable":true,"href":"https:\/\/plazajuarez.mx\/historico\/wp-json\/wp\/v2\/media\/248947"}],"wp:attachment":[{"href":"https:\/\/plazajuarez.mx\/historico\/wp-json\/wp\/v2\/media?parent=254159"}],"wp:term":[{"taxonomy":"category","embeddable":true,"href":"https:\/\/plazajuarez.mx\/historico\/wp-json\/wp\/v2\/categories?post=254159"},{"taxonomy":"post_tag","embeddable":true,"href":"https:\/\/plazajuarez.mx\/historico\/wp-json\/wp\/v2\/tags?post=254159"}],"curies":[{"name":"wp","href":"https:\/\/api.w.org\/{rel}","templated":true}]}}