{"id":254137,"date":"2023-03-21T20:25:23","date_gmt":"2023-03-22T02:25:23","guid":{"rendered":"https:\/\/plazajuarez.mx\/?p=254137"},"modified":"2023-03-21T20:25:29","modified_gmt":"2023-03-22T02:25:29","slug":"cumplio-la-escuela-18-de-marzo-84-anos-de-existencia","status":"publish","type":"post","link":"https:\/\/plazajuarez.mx\/historico\/cumplio-la-escuela-18-de-marzo-84-anos-de-existencia\/","title":{"rendered":"Cumpli\u00f3 la escuela 18 de Marzo 84 a\u00f1os de existencia"},"content":{"rendered":"\n<p><strong>TULANCINGO.- <\/strong>Con una plantilla de 402 alumnos del turno matutino y 170 en la tarde, la escuela primaria del centro de Cuautepec, la 18 de Marzo, llev\u00f3 a cabo diversas actividades para conmemorar sus 84 a\u00f1os de servicio educativo.<\/p>\n\n\n\n<p>\u201cEstamos conmemorando 84 a\u00f1os del servicio educativo, es un trayecto muy extenso. Ed una escuela que inicia en el a\u00f1o de 1939 como una estructura, posteriormente se le da el seguimiento para una labor educativa\u201d, dijo en entrevista la profesora Mar\u00eda Antonia Cruz T\u00e9llez, directora de la instituci\u00f3n en el turno matutino.<\/p>\n\n\n\n<p>Los festejos iniciaron con eventos deportivos el pasado fin de semana en la cancha municipal Genaro L\u00f3pez, con el objetivo de tener una convivencia sana y arm\u00f3nica entre los 12 grupos del turno matutino.<\/p>\n\n\n\n<p>Contin\u00fao con el primer encuentro de bandas de guerra y concluy\u00f3 el pasado s\u00e1bado con la conmemoraci\u00f3n del 18 de Marzo de la Expropiaci\u00f3n Petrolera, en el jard\u00edn Felipe \u00c1ngeles.<\/p>\n\n\n\n<p>\u201cEl surgimiento de la escuela se da en el trayecto de tiempo de la Expropiaci\u00f3n Petrolera, y por eso se le conmemora con ese nombre, se ajusta con la escuela 18 de Marzo para resaltar el nombre\u201d, explic\u00f3 la directora.<\/p>\n\n\n\n<p>Finalmente, dijo que la escuela ofrece otras clases extra curriculares como danza, ingl\u00e9s y deportes, por lo cual los ni\u00f1os salen m\u00e1s preparados para continuar con su educaci\u00f3n secundaria.<\/p>\n\n\n\n<p>\u201cEs una escuela que da realce al municipio, a la cabecera municipal, con un trayecto educativo importante. A parte, hay que agradecer a los pap\u00e1s, abuelos, bisabuelos que de alguna manera siguen confiando en esta escuela y que se ha conformado su matr\u00edcula gracias a esa confianza\u201d, concluy\u00f3.<\/p>\n","protected":false},"excerpt":{"rendered":"<p>TULANCINGO.- Con una plantilla de 402 alumnos del turno matutino y 170 en la tarde, la escuela primaria del centro de Cuautepec, la 18 de Marzo, llev\u00f3 a cabo diversas actividades para conmemorar sus 84 a\u00f1os de servicio educativo. \u201cEstamos conmemorando 84 a\u00f1os del servicio educativo, es un trayecto muy extenso. Ed una escuela que [&hellip;]<\/p>\n","protected":false},"author":70,"featured_media":254138,"comment_status":"closed","ping_status":"closed","sticky":false,"template":"","format":"standard","meta":{"footnotes":""},"categories":[40],"tags":[],"class_list":["post-254137","post","type-post","status-publish","format-standard","has-post-thumbnail","hentry","category-region"],"_links":{"self":[{"href":"https:\/\/plazajuarez.mx\/historico\/wp-json\/wp\/v2\/posts\/254137","targetHints":{"allow":["GET"]}}],"collection":[{"href":"https:\/\/plazajuarez.mx\/historico\/wp-json\/wp\/v2\/posts"}],"about":[{"href":"https:\/\/plazajuarez.mx\/historico\/wp-json\/wp\/v2\/types\/post"}],"author":[{"embeddable":true,"href":"https:\/\/plazajuarez.mx\/historico\/wp-json\/wp\/v2\/users\/70"}],"replies":[{"embeddable":true,"href":"https:\/\/plazajuarez.mx\/historico\/wp-json\/wp\/v2\/comments?post=254137"}],"version-history":[{"count":0,"href":"https:\/\/plazajuarez.mx\/historico\/wp-json\/wp\/v2\/posts\/254137\/revisions"}],"wp:featuredmedia":[{"embeddable":true,"href":"https:\/\/plazajuarez.mx\/historico\/wp-json\/wp\/v2\/media\/254138"}],"wp:attachment":[{"href":"https:\/\/plazajuarez.mx\/historico\/wp-json\/wp\/v2\/media?parent=254137"}],"wp:term":[{"taxonomy":"category","embeddable":true,"href":"https:\/\/plazajuarez.mx\/historico\/wp-json\/wp\/v2\/categories?post=254137"},{"taxonomy":"post_tag","embeddable":true,"href":"https:\/\/plazajuarez.mx\/historico\/wp-json\/wp\/v2\/tags?post=254137"}],"curies":[{"name":"wp","href":"https:\/\/api.w.org\/{rel}","templated":true}]}}