{"id":254125,"date":"2023-03-21T20:17:29","date_gmt":"2023-03-22T02:17:29","guid":{"rendered":"https:\/\/plazajuarez.mx\/?p=254125"},"modified":"2023-03-21T20:17:35","modified_gmt":"2023-03-22T02:17:35","slug":"buscan-garantizar-los-derechos-de-personas-con-sindrome-de-down","status":"publish","type":"post","link":"https:\/\/plazajuarez.mx\/historico\/buscan-garantizar-los-derechos-de-personas-con-sindrome-de-down\/","title":{"rendered":"Buscan garantizar los derechos de personas con S\u00edndrome de Down"},"content":{"rendered":"\n<p>En un evento sin precedentes al sumar en un s\u00f3lo espacio acciones interinstitucionales de todas las instancias que conforman el Sector Salud para promover y orientar sobre la trascendencia de c\u00f3mo garantizar el goce de todos los derechos a personas con S\u00edndrome de Down, la Secretar\u00eda de Salud Hidalgo (SSH) organiz\u00f3 el evento &#8220;Caritas felices, transformando el futuro&#8221;, primer evento de soporte y orientaci\u00f3n desarrollado en la entidad en el marco del D\u00eda Mundial del S\u00edndrome de Down.<\/p>\n\n\n\n<p>Al ser testigo de este evento que reuni\u00f3 a autoridades de diversas secretar\u00edas estatales, Guillermo Olivares Reyna, titular de la Secretar\u00eda de Gobierno, asegur\u00f3 que como nunca antes, se tiene a un gobernador con sentido humanitario que ha comprometido encabezar un frente com\u00fan por las causas justas, entre ellas,&nbsp; garantizar los derechos a personas que deben gozar de todas sus libertades y desarrollarse de forma plena y feliz.<\/p>\n\n\n\n<p>La experiencia de vida y proceso de c\u00f3mo recibi\u00f3 hace 13 a\u00f1os la noticia de tener un beb\u00e9 con este tipo de alteraci\u00f3n gen\u00e9tica lo dio Ana Mar\u00eda Elizalde, quien en poco m\u00e1s de media hora resumi\u00f3 las barreras y estigmas que ha enfrentado junto a su peque\u00f1o Emanuel y que no \u00fanicamente ha originado bullying escolar y social, sino violencia intrafamiliar, por ello, mencion\u00f3 que pese a los esfuerzos y conmemoraciones, falta mucho por hacer para sensibilizar socialmente sobre este s\u00edndrome.<\/p>\n\n\n\n<p>Zorayda Robles, titular de la SSH, reconoci\u00f3 el compromiso de las autoridades con personas con S\u00edndrome de Down y con alguna discapacidad, pues agreg\u00f3, hoy el gobierno est\u00e1 alineado a las pol\u00edticas de la Agenda 2030 en donde se ha migrado a pol\u00edticas apegadas a los derechos humanos, lo que representa un primer paso para reconocer el valor de las personas sin importar su condici\u00f3n.<\/p>\n\n\n\n<p>En este encuentro, adem\u00e1s de actividades l\u00fadicas y recreativas, se impartieron conferencias magistrales entre las que destacan: C\u00f3mo recibir la noticia de un beb\u00e9 con s\u00edndrome Down, Atenci\u00f3n durante el embarazo para identificar signos, Derechos sexuales y reproductivos y Retos en inclusi\u00f3n educativa para personas con s\u00edndrome.<\/p>\n","protected":false},"excerpt":{"rendered":"<p>En un evento sin precedentes al sumar en un s\u00f3lo espacio acciones interinstitucionales de todas las instancias que conforman el Sector Salud para promover y orientar sobre la trascendencia de c\u00f3mo garantizar el goce de todos los derechos a personas con S\u00edndrome de Down, la Secretar\u00eda de Salud Hidalgo (SSH) organiz\u00f3 el evento &#8220;Caritas felices, [&hellip;]<\/p>\n","protected":false},"author":93,"featured_media":254126,"comment_status":"closed","ping_status":"closed","sticky":false,"template":"","format":"standard","meta":{"footnotes":""},"categories":[59],"tags":[],"class_list":["post-254125","post","type-post","status-publish","format-standard","has-post-thumbnail","hentry","category-general"],"_links":{"self":[{"href":"https:\/\/plazajuarez.mx\/historico\/wp-json\/wp\/v2\/posts\/254125","targetHints":{"allow":["GET"]}}],"collection":[{"href":"https:\/\/plazajuarez.mx\/historico\/wp-json\/wp\/v2\/posts"}],"about":[{"href":"https:\/\/plazajuarez.mx\/historico\/wp-json\/wp\/v2\/types\/post"}],"author":[{"embeddable":true,"href":"https:\/\/plazajuarez.mx\/historico\/wp-json\/wp\/v2\/users\/93"}],"replies":[{"embeddable":true,"href":"https:\/\/plazajuarez.mx\/historico\/wp-json\/wp\/v2\/comments?post=254125"}],"version-history":[{"count":0,"href":"https:\/\/plazajuarez.mx\/historico\/wp-json\/wp\/v2\/posts\/254125\/revisions"}],"wp:featuredmedia":[{"embeddable":true,"href":"https:\/\/plazajuarez.mx\/historico\/wp-json\/wp\/v2\/media\/254126"}],"wp:attachment":[{"href":"https:\/\/plazajuarez.mx\/historico\/wp-json\/wp\/v2\/media?parent=254125"}],"wp:term":[{"taxonomy":"category","embeddable":true,"href":"https:\/\/plazajuarez.mx\/historico\/wp-json\/wp\/v2\/categories?post=254125"},{"taxonomy":"post_tag","embeddable":true,"href":"https:\/\/plazajuarez.mx\/historico\/wp-json\/wp\/v2\/tags?post=254125"}],"curies":[{"name":"wp","href":"https:\/\/api.w.org\/{rel}","templated":true}]}}