{"id":254116,"date":"2023-03-21T20:12:48","date_gmt":"2023-03-22T02:12:48","guid":{"rendered":"https:\/\/plazajuarez.mx\/?p=254116"},"modified":"2023-03-21T20:12:54","modified_gmt":"2023-03-22T02:12:54","slug":"posponen-entrega-de-tarjetas-del-banco-del-bienestar-para-cobrar-pension","status":"publish","type":"post","link":"https:\/\/plazajuarez.mx\/historico\/posponen-entrega-de-tarjetas-del-banco-del-bienestar-para-cobrar-pension\/","title":{"rendered":"Posponen entrega de tarjetas del Banco del Bienestar para cobrar pensi\u00f3n"},"content":{"rendered":"\n<p>De acuerdo a informaci\u00f3n de la Delegaci\u00f3n de Programas para el Bienestar Hidalgo, la entrega de tarjetas del Banco del Bienestar para personas adultas mayores que habitan en Pachuca, se pospuso para la siguiente semana.<\/p>\n\n\n\n<p>La publicaci\u00f3n se\u00f1al\u00f3 que la decisi\u00f3n es ajena a la dependencia federal, sin embargo asegur\u00f3 que en pr\u00f3ximos d\u00edas se retomar\u00e1 la acci\u00f3n para que los adultos mayores puedan cobrar su pensi\u00f3n.<\/p>\n\n\n\n<p>Cita: \u201cPor cuestiones ajenas a la Delegaci\u00f3n de Programas para el Bienestar Hidalgo, se pospone la entrega de tarjetas del Banco del Bienestar para quienes cobran la pensi\u00f3n para el bienestar de las personas adultas mayores con BBVA Bancomer\u201d.<\/p>\n\n\n\n<p>Adelant\u00f3 que la entrega se realizar\u00e1 el pr\u00f3ximo lunes 27 de marzo, en las instalaciones de la Feria; por lo que invitaron a los usuarios a estar pendientes de las convocatorias que estar\u00e1n publicando en sus redes sociales.<\/p>\n\n\n\n<p>Cabe recordar que las nuevas tarjetas ser\u00edan otorgadas a partir del pr\u00f3ximo jueves 23 de marzo; sin embargo la dependencia reiter\u00f3 que por causas ajenas la entrega fue pospuesta para el pr\u00f3ximo lunes.<\/p>\n","protected":false},"excerpt":{"rendered":"<p>De acuerdo a informaci\u00f3n de la Delegaci\u00f3n de Programas para el Bienestar Hidalgo, la entrega de tarjetas del Banco del Bienestar para personas adultas mayores que habitan en Pachuca, se pospuso para la siguiente semana. La publicaci\u00f3n se\u00f1al\u00f3 que la decisi\u00f3n es ajena a la dependencia federal, sin embargo asegur\u00f3 que en pr\u00f3ximos d\u00edas se [&hellip;]<\/p>\n","protected":false},"author":73,"featured_media":254117,"comment_status":"closed","ping_status":"closed","sticky":false,"template":"","format":"standard","meta":{"footnotes":""},"categories":[59,2159],"tags":[],"class_list":["post-254116","post","type-post","status-publish","format-standard","has-post-thumbnail","hentry","category-general","category-noticias-de-hidalgo"],"_links":{"self":[{"href":"https:\/\/plazajuarez.mx\/historico\/wp-json\/wp\/v2\/posts\/254116","targetHints":{"allow":["GET"]}}],"collection":[{"href":"https:\/\/plazajuarez.mx\/historico\/wp-json\/wp\/v2\/posts"}],"about":[{"href":"https:\/\/plazajuarez.mx\/historico\/wp-json\/wp\/v2\/types\/post"}],"author":[{"embeddable":true,"href":"https:\/\/plazajuarez.mx\/historico\/wp-json\/wp\/v2\/users\/73"}],"replies":[{"embeddable":true,"href":"https:\/\/plazajuarez.mx\/historico\/wp-json\/wp\/v2\/comments?post=254116"}],"version-history":[{"count":0,"href":"https:\/\/plazajuarez.mx\/historico\/wp-json\/wp\/v2\/posts\/254116\/revisions"}],"wp:featuredmedia":[{"embeddable":true,"href":"https:\/\/plazajuarez.mx\/historico\/wp-json\/wp\/v2\/media\/254117"}],"wp:attachment":[{"href":"https:\/\/plazajuarez.mx\/historico\/wp-json\/wp\/v2\/media?parent=254116"}],"wp:term":[{"taxonomy":"category","embeddable":true,"href":"https:\/\/plazajuarez.mx\/historico\/wp-json\/wp\/v2\/categories?post=254116"},{"taxonomy":"post_tag","embeddable":true,"href":"https:\/\/plazajuarez.mx\/historico\/wp-json\/wp\/v2\/tags?post=254116"}],"curies":[{"name":"wp","href":"https:\/\/api.w.org\/{rel}","templated":true}]}}