{"id":254113,"date":"2023-03-21T20:11:29","date_gmt":"2023-03-22T02:11:29","guid":{"rendered":"https:\/\/plazajuarez.mx\/?p=254113"},"modified":"2023-03-22T05:41:24","modified_gmt":"2023-03-22T11:41:24","slug":"continuara-la-lucha-frontal-contra-la-delincuencia","status":"publish","type":"post","link":"https:\/\/plazajuarez.mx\/historico\/continuara-la-lucha-frontal-contra-la-delincuencia\/","title":{"rendered":"Continuar\u00e1 la lucha frontal contra la delincuencia\u00a0"},"content":{"rendered":"\n<p>Eduardo Med\u00e9cigo Rubio, subsecretario de gobierno de Hidalgo, inform\u00f3 que bajo la instrucci\u00f3n del gobernador de la entidad, Julio Menchaca Salazar, se continuar\u00e1 con la lucha frontal contra la delincuencia ya que uno de los ejes primordiales del gobierno es mantener y respetar el estado de derecho, por lo que exhort\u00f3 a la poblaci\u00f3n v\u00edctimas de alg\u00fan delito a que realicen sus denuncias y sean atendidos conforme a los procedimientos legales.&nbsp;<\/p>\n\n\n\n<p>\u201cHay una aplicaci\u00f3n estricta del estado de derecho. El gobernador ha dado instrucciones para que las instituciones reaccionen de forma inmediata. Las detenciones est\u00e1n presentes, hay una lucha frontal contra la delincuencia, los logros se han visto el compromiso que se tiene para sacar al estado en paz\u201d, dijo.&nbsp;<\/p>\n\n\n\n<p>De igual forma, reiter\u00f3 que cada \u00e1rea est\u00e1 cumpliendo con su funci\u00f3n, para que d\u00e9 esta forma el estado transite con seguridad, paz y con un marco jur\u00eddico que se respete para que nadie ni nada est\u00e9 por encima de la ley.&nbsp;<\/p>\n\n\n\n<p>Referente a las peticiones hechas por grupos cristianos referentes al respeto a la libertad de culto en regiones como Ixmiquilpan, reconoci\u00f3 que hist\u00f3ricamente han habido diferencias de car\u00e1cter religioso entre pobladores de la regi\u00f3n, sin embargo, destac\u00f3 que no se tiene registro de que recientemente haya habido alguna confrontaci\u00f3n o represi\u00f3n como mencionaron los cristianos.<\/p>\n","protected":false},"excerpt":{"rendered":"<p>Eduardo Med\u00e9cigo Rubio, subsecretario de gobierno de Hidalgo, inform\u00f3 que bajo la instrucci\u00f3n del gobernador de la entidad, Julio Menchaca Salazar, se continuar\u00e1 con la lucha frontal contra la delincuencia ya que uno de los ejes primordiales del gobierno es mantener y respetar el estado de derecho, por lo que exhort\u00f3 a la poblaci\u00f3n v\u00edctimas [&hellip;]<\/p>\n","protected":false},"author":72,"featured_media":254114,"comment_status":"closed","ping_status":"closed","sticky":false,"template":"","format":"standard","meta":{"footnotes":""},"categories":[15,59,2159],"tags":[],"class_list":["post-254113","post","type-post","status-publish","format-standard","has-post-thumbnail","hentry","category-destacadas","category-general","category-noticias-de-hidalgo"],"_links":{"self":[{"href":"https:\/\/plazajuarez.mx\/historico\/wp-json\/wp\/v2\/posts\/254113","targetHints":{"allow":["GET"]}}],"collection":[{"href":"https:\/\/plazajuarez.mx\/historico\/wp-json\/wp\/v2\/posts"}],"about":[{"href":"https:\/\/plazajuarez.mx\/historico\/wp-json\/wp\/v2\/types\/post"}],"author":[{"embeddable":true,"href":"https:\/\/plazajuarez.mx\/historico\/wp-json\/wp\/v2\/users\/72"}],"replies":[{"embeddable":true,"href":"https:\/\/plazajuarez.mx\/historico\/wp-json\/wp\/v2\/comments?post=254113"}],"version-history":[{"count":0,"href":"https:\/\/plazajuarez.mx\/historico\/wp-json\/wp\/v2\/posts\/254113\/revisions"}],"wp:featuredmedia":[{"embeddable":true,"href":"https:\/\/plazajuarez.mx\/historico\/wp-json\/wp\/v2\/media\/254114"}],"wp:attachment":[{"href":"https:\/\/plazajuarez.mx\/historico\/wp-json\/wp\/v2\/media?parent=254113"}],"wp:term":[{"taxonomy":"category","embeddable":true,"href":"https:\/\/plazajuarez.mx\/historico\/wp-json\/wp\/v2\/categories?post=254113"},{"taxonomy":"post_tag","embeddable":true,"href":"https:\/\/plazajuarez.mx\/historico\/wp-json\/wp\/v2\/tags?post=254113"}],"curies":[{"name":"wp","href":"https:\/\/api.w.org\/{rel}","templated":true}]}}