{"id":254101,"date":"2023-03-21T18:12:40","date_gmt":"2023-03-22T00:12:40","guid":{"rendered":"https:\/\/plazajuarez.mx\/?p=254101"},"modified":"2023-03-21T18:12:45","modified_gmt":"2023-03-22T00:12:45","slug":"salinas_","status":"publish","type":"post","link":"https:\/\/plazajuarez.mx\/historico\/salinas_\/","title":{"rendered":"Salinas Pliego &#8220;salv\u00f3&#8221; a Pati Chapoy de arresto hace m\u00e1s de 20 a\u00f1os"},"content":{"rendered":"\n<p> Ricardo Salinas Pliego mostr\u00f3 su respaldo a Pati Chapoy luego de que se gir\u00f3 una orden de aprehensi\u00f3n en su contra y de sus compa\u00f1eros de &#8220;Ventaneando&#8221;, misma contra la que se ampararon, pero no es la primera ocasi\u00f3n que esto sucede.<\/p>\n\n\n\n<p>Salinas Pliego le asegur\u00f3 a la periodista de espect\u00e1culos que estar\u00eda con ella como ocurri\u00f3 hace 27 a\u00f1os. Y no se trat\u00f3 de una frase hecha, el empresario due\u00f1o de TV Azteca apoy\u00f3 a Chapoy en 1997 cuando enfrent\u00f3 otra orden de aprehensi\u00f3n relacionada a la crestomat\u00eda.<\/p>\n\n\n\n<p>En aquel a\u00f1o, el empresario ayud\u00f3 a Chapoy a salir de su casa y llegar sana y salva a las instalaciones de TV Azteca luego de que Televisa la hab\u00eda demandado y exig\u00eda que fuera aprehendida relacionada a un tema de crestomat\u00eda.<\/p>\n\n\n\n<p>En aquella ocasi\u00f3n Pati Chapoy viaj\u00f3 en helic\u00f3ptero desde su domicilio hasta las instalaciones para reunirse con el due\u00f1o de Grupo Salinas, y posteriormente realizar su programa como cada d\u00eda. Dicho episodio de su vida profesional lo record\u00f3 durante un programa en el 2020, en el que incluso se compartieron im\u00e1genes de archivo de la conductora en 1997.<\/p>\n\n\n\n<p>Durante el programa del 3 de agosto del 2020, Pati Chapoy record\u00f3 que en 1997 fue demandada por Televisa, empresa que exig\u00eda una orden de arresto en su contra por un tema relacionado a la crestomat\u00eda.<\/p>\n\n\n\n<p>&#8220;Lo que ustedes est\u00e1n viendo es el Helic\u00f3ptero de Azteca, que me viaj\u00f3 de mi casa hasta las instalaciones de Azteca cuando Televisa quiso meterme a la c\u00e1rcel&#8221;, detall\u00f3 la periodista.<\/p>\n\n\n\n<p>Agreg\u00f3 que en aquel momento fue custodiada por los abogados que el due\u00f1o de Azteca le facilit\u00f3: &#8220;ese d\u00eda me toc\u00f3 a m\u00ed dar una explicaci\u00f3n al p\u00fablico de lo que estaba sucediendo&#8221;.<\/p>\n\n\n\n<p>En aquella emisi\u00f3n aprovech\u00f3 para agradecer a Ricardo Salinas Pliego por el apoyo que le hab\u00eda brindado durante su trayectoria profesional y por evitar que el entones procurador, Antonio Lozano Garc\u00eda la metiera a la c\u00e1rcel por unos minutos para &#8220;calmar a Televisa&#8221;.<\/p>\n\n\n\n<p>&#8220;Qu\u00e9 fuerte. Lozano Gracia que entonces era el procurador le dijo a Ricardo, Antonio Lozano Gracia, le dijo a Ricardo salinas, &#8216;d\u00e9jame meterla unos minutitos a la c\u00e1rcel y te prometo que la saco para que se calme Televisa&#8217; y Ricardo Salinas y le dijo que, de ninguna forma, que ni un segundo iba a estar yo en la c\u00e1rcel. C\u00f3mo no agradecerle, c\u00f3mo no agradecer a esta empresa lo que nos ha dado&#8221;, concluy\u00f3 la periodista.<\/p>\n\n\n\n<p>Tras iniciar su carrera como conductora al colaborar en el programa &#8220;M\u00e9xico, magia y encuentro&#8221;, la egresada de la Escuela de Periodismo Carlos Septi\u00e9n Garc\u00eda trabaj\u00f3 en la revista Dise\u00f1o, donde entrevist\u00f3 a personalidades como Siquerios, Tamayo y Mar\u00eda F\u00e9lix.<\/p>\n\n\n\n<p>Escribi\u00f3 para las revistas Contenido y Vanidades adem\u00e1s del peri\u00f3dico Novedades. Tras m\u00e1s de 25 a\u00f1os en Televisa donde era co-conductora de Siempre en Domingo y otras producciones, la televisora le cancel\u00f3 el contrato y la retir\u00f3 de la televisi\u00f3n.<\/p>\n\n\n\n<p>Ricardo Salinas Pliego la contrat\u00f3 e invit\u00f3 a trabajar en Televisi\u00f3n Azteca, donde inici\u00f3 varios proyectos para espect\u00e1culos, entre ellos &#8220;Ventaneando&#8221;, programa que encabeza actualmente.<\/p>\n","protected":false},"excerpt":{"rendered":"<p>Ricardo Salinas Pliego mostr\u00f3 su respaldo a Pati Chapoy luego de que se gir\u00f3 una orden de aprehensi\u00f3n en su contra y de sus compa\u00f1eros de &#8220;Ventaneando&#8221;, misma contra la que se ampararon, pero no es la primera ocasi\u00f3n que esto sucede. Salinas Pliego le asegur\u00f3 a la periodista de espect\u00e1culos que estar\u00eda con ella [&hellip;]<\/p>\n","protected":false},"author":81,"featured_media":254102,"comment_status":"closed","ping_status":"closed","sticky":false,"template":"","format":"standard","meta":{"footnotes":""},"categories":[38],"tags":[],"class_list":["post-254101","post","type-post","status-publish","format-standard","has-post-thumbnail","hentry","category-show"],"_links":{"self":[{"href":"https:\/\/plazajuarez.mx\/historico\/wp-json\/wp\/v2\/posts\/254101","targetHints":{"allow":["GET"]}}],"collection":[{"href":"https:\/\/plazajuarez.mx\/historico\/wp-json\/wp\/v2\/posts"}],"about":[{"href":"https:\/\/plazajuarez.mx\/historico\/wp-json\/wp\/v2\/types\/post"}],"author":[{"embeddable":true,"href":"https:\/\/plazajuarez.mx\/historico\/wp-json\/wp\/v2\/users\/81"}],"replies":[{"embeddable":true,"href":"https:\/\/plazajuarez.mx\/historico\/wp-json\/wp\/v2\/comments?post=254101"}],"version-history":[{"count":0,"href":"https:\/\/plazajuarez.mx\/historico\/wp-json\/wp\/v2\/posts\/254101\/revisions"}],"wp:featuredmedia":[{"embeddable":true,"href":"https:\/\/plazajuarez.mx\/historico\/wp-json\/wp\/v2\/media\/254102"}],"wp:attachment":[{"href":"https:\/\/plazajuarez.mx\/historico\/wp-json\/wp\/v2\/media?parent=254101"}],"wp:term":[{"taxonomy":"category","embeddable":true,"href":"https:\/\/plazajuarez.mx\/historico\/wp-json\/wp\/v2\/categories?post=254101"},{"taxonomy":"post_tag","embeddable":true,"href":"https:\/\/plazajuarez.mx\/historico\/wp-json\/wp\/v2\/tags?post=254101"}],"curies":[{"name":"wp","href":"https:\/\/api.w.org\/{rel}","templated":true}]}}