{"id":254088,"date":"2023-03-21T14:14:34","date_gmt":"2023-03-21T20:14:34","guid":{"rendered":"https:\/\/plazajuarez.mx\/?p=254088"},"modified":"2023-03-21T14:14:34","modified_gmt":"2023-03-21T20:14:34","slug":"beatriz_","status":"publish","type":"post","link":"https:\/\/plazajuarez.mx\/historico\/beatriz_\/","title":{"rendered":"Beatriz Guti\u00e9rrez M\u00fcller acusa a Twitter de eliminar mensaje"},"content":{"rendered":"\n<p> La doctora Beatriz Guti\u00e9rrez M\u00fcller critic\u00f3 que Twitter Latinoam\u00e9rica elimin\u00f3 uno de sus mensajes en el que conden\u00f3 la violencia hacia las mujeres, ya sea por vejaci\u00f3n de su persona o imagen, en referencia a la quema de una imagen alusiva a la presidenta de la Suprema Corte de Justicia de la Naci\u00f3n (SCJN), ministra Norma Luc\u00eda Pi\u00f1a Hern\u00e1ndez.<\/p>\n\n\n\n<p>&#8220;No convertir la libertad en libertinaje es clave para vivir y convivir en un pa\u00eds plural y democr\u00e1tico como el nuestro.<\/p>\n\n\n\n<p>&#8220;Mi apoyo a todas las mujeres de la pol\u00edtica (o circunstancialmente cerca de esta) ante la vejaci\u00f3n a sus personas o imagen, o la de sus hijos. Lo he padecido tanto, \u00bfc\u00f3mo no solidarizarme? Subamos el nivel. No violencia. M\u00e1s amor urgentemente&#8221;, fue el mensaje que la esposa del presidente Andr\u00e9s Manuel L\u00f3pez Obrador escribi\u00f3 y ahora acusa fue eliminado.<\/p>\n\n\n\n<p>&#8220;Locura de @TwitterLatAm ha sido eliminado este de mi cuenta. Va de nuevo:&#8221;, denunci\u00f3 la historiadora, seguido de una captura de campa\u00f1a del mensaje escrito el pasado 19 de marzo.<\/p>\n\n\n\n<p>Queman figura de la ministra Pi\u00f1a<\/p>\n\n\n\n<p>El s\u00e1bado pasado, al t\u00e9rmino de la ceremonia para conmemorar el 85 Aniversario de la Expropiaci\u00f3n Petrolera en el Z\u00f3calo de la Ciudad de M\u00e9xico, simpatizantes del presidente L\u00f3pez Obrador quemaron una imagen de la ministra Pi\u00f1a Hern\u00e1ndez.<\/p>\n","protected":false},"excerpt":{"rendered":"<p>La doctora Beatriz Guti\u00e9rrez M\u00fcller critic\u00f3 que Twitter Latinoam\u00e9rica elimin\u00f3 uno de sus mensajes en el que conden\u00f3 la violencia hacia las mujeres, ya sea por vejaci\u00f3n de su persona o imagen, en referencia a la quema de una imagen alusiva a la presidenta de la Suprema Corte de Justicia de la Naci\u00f3n (SCJN), ministra [&hellip;]<\/p>\n","protected":false},"author":81,"featured_media":254089,"comment_status":"closed","ping_status":"","sticky":false,"template":"","format":"standard","meta":{"footnotes":""},"categories":[36],"tags":[],"class_list":["post-254088","post","type-post","status-publish","format-standard","has-post-thumbnail","hentry","category-nacion"],"_links":{"self":[{"href":"https:\/\/plazajuarez.mx\/historico\/wp-json\/wp\/v2\/posts\/254088","targetHints":{"allow":["GET"]}}],"collection":[{"href":"https:\/\/plazajuarez.mx\/historico\/wp-json\/wp\/v2\/posts"}],"about":[{"href":"https:\/\/plazajuarez.mx\/historico\/wp-json\/wp\/v2\/types\/post"}],"author":[{"embeddable":true,"href":"https:\/\/plazajuarez.mx\/historico\/wp-json\/wp\/v2\/users\/81"}],"replies":[{"embeddable":true,"href":"https:\/\/plazajuarez.mx\/historico\/wp-json\/wp\/v2\/comments?post=254088"}],"version-history":[{"count":0,"href":"https:\/\/plazajuarez.mx\/historico\/wp-json\/wp\/v2\/posts\/254088\/revisions"}],"wp:featuredmedia":[{"embeddable":true,"href":"https:\/\/plazajuarez.mx\/historico\/wp-json\/wp\/v2\/media\/254089"}],"wp:attachment":[{"href":"https:\/\/plazajuarez.mx\/historico\/wp-json\/wp\/v2\/media?parent=254088"}],"wp:term":[{"taxonomy":"category","embeddable":true,"href":"https:\/\/plazajuarez.mx\/historico\/wp-json\/wp\/v2\/categories?post=254088"},{"taxonomy":"post_tag","embeddable":true,"href":"https:\/\/plazajuarez.mx\/historico\/wp-json\/wp\/v2\/tags?post=254088"}],"curies":[{"name":"wp","href":"https:\/\/api.w.org\/{rel}","templated":true}]}}