{"id":254083,"date":"2023-03-21T14:06:18","date_gmt":"2023-03-21T20:06:18","guid":{"rendered":"https:\/\/plazajuarez.mx\/?p=254083"},"modified":"2023-03-21T14:06:25","modified_gmt":"2023-03-21T20:06:25","slug":"sexenio_","status":"publish","type":"post","link":"https:\/\/plazajuarez.mx\/historico\/sexenio_\/","title":{"rendered":"En sexenio de AMLO han sido asesinados 1,800 extranjeros: PAN"},"content":{"rendered":"\n<p>El diputado federal del PAN, Jos\u00e9 Antonio Garc\u00eda, denunci\u00f3 que en lo que va del sexenio del presidente Andr\u00e9s Manuel L\u00f3pez Obrador se ha asesinado a mil 800 extranjeros en M\u00e9xico.<\/p>\n\n\n\n<p>Detall\u00f3 que la cifra representa 119% asesinatos m\u00e1s en el mismo periodo que en el sexenio del expresidente Enrique Pe\u00f1a Nieto, y 151% m\u00e1s que en el de Felipe Calder\u00f3n.<\/p>\n\n\n\n<p>Se\u00f1al\u00f3 que la pol\u00edtica de seguridad implementada por el Gobierno Federal para combatir la inseguridad no ha funcionado, por lo que pidi\u00f3 implementar una estrategia eficaz que garantice la seguridad de los mexicanos y extranjeros que viven o transitan por el pa\u00eds.<\/p>\n\n\n\n<p>\u201cEl Estado Mexicano debe de establecer una pol\u00edtica eficaz que garantice seguridad y tranquilidad a todos los mexicanos y extranjeros, a fin de que vivan y transiten en ambiente alejado de violencia y sin el temor de ser v\u00edctimas de la delincuencia&#8221;, refiri\u00f3 el diputado Garc\u00eda.<\/p>\n\n\n\n<p>Indic\u00f3 que Baja California, Chihuahua, Chiapas, Tamaulipas y Quintana Roo son los cinco estados donde m\u00e1s homicidios de personas extranjeras se registraron en los primeros cuatro a\u00f1os del gobierno de L\u00f3pez Obrador.<\/p>\n\n\n\n<p>\u201cEn M\u00e9xico atravesamos por una ola de violencia e inseguridad inimaginable, la cual ha alcanzado a personas extranjeras, pues de acuerdo con datos del Instituto Nacional de Estad\u00edstica y Geograf\u00eda (INEGI), en promedio cada d\u00eda 1.5 personas extranjeras son asesinadas en nuestro pa\u00eds, dejando dolor y sufrimiento a sus familias&#8221;, expuso.<\/p>\n\n\n\n<p><\/p>\n","protected":false},"excerpt":{"rendered":"<p>El diputado federal del PAN, Jos\u00e9 Antonio Garc\u00eda, denunci\u00f3 que en lo que va del sexenio del presidente Andr\u00e9s Manuel L\u00f3pez Obrador se ha asesinado a mil 800 extranjeros en M\u00e9xico. Detall\u00f3 que la cifra representa 119% asesinatos m\u00e1s en el mismo periodo que en el sexenio del expresidente Enrique Pe\u00f1a Nieto, y 151% m\u00e1s [&hellip;]<\/p>\n","protected":false},"author":81,"featured_media":254086,"comment_status":"closed","ping_status":"closed","sticky":false,"template":"","format":"standard","meta":{"footnotes":""},"categories":[36],"tags":[],"class_list":["post-254083","post","type-post","status-publish","format-standard","has-post-thumbnail","hentry","category-nacion"],"_links":{"self":[{"href":"https:\/\/plazajuarez.mx\/historico\/wp-json\/wp\/v2\/posts\/254083","targetHints":{"allow":["GET"]}}],"collection":[{"href":"https:\/\/plazajuarez.mx\/historico\/wp-json\/wp\/v2\/posts"}],"about":[{"href":"https:\/\/plazajuarez.mx\/historico\/wp-json\/wp\/v2\/types\/post"}],"author":[{"embeddable":true,"href":"https:\/\/plazajuarez.mx\/historico\/wp-json\/wp\/v2\/users\/81"}],"replies":[{"embeddable":true,"href":"https:\/\/plazajuarez.mx\/historico\/wp-json\/wp\/v2\/comments?post=254083"}],"version-history":[{"count":0,"href":"https:\/\/plazajuarez.mx\/historico\/wp-json\/wp\/v2\/posts\/254083\/revisions"}],"wp:featuredmedia":[{"embeddable":true,"href":"https:\/\/plazajuarez.mx\/historico\/wp-json\/wp\/v2\/media\/254086"}],"wp:attachment":[{"href":"https:\/\/plazajuarez.mx\/historico\/wp-json\/wp\/v2\/media?parent=254083"}],"wp:term":[{"taxonomy":"category","embeddable":true,"href":"https:\/\/plazajuarez.mx\/historico\/wp-json\/wp\/v2\/categories?post=254083"},{"taxonomy":"post_tag","embeddable":true,"href":"https:\/\/plazajuarez.mx\/historico\/wp-json\/wp\/v2\/tags?post=254083"}],"curies":[{"name":"wp","href":"https:\/\/api.w.org\/{rel}","templated":true}]}}