{"id":254080,"date":"2023-03-21T13:54:24","date_gmt":"2023-03-21T19:54:24","guid":{"rendered":"https:\/\/plazajuarez.mx\/?p=254080"},"modified":"2023-03-21T13:54:31","modified_gmt":"2023-03-21T19:54:31","slug":"paulina_","status":"publish","type":"post","link":"https:\/\/plazajuarez.mx\/historico\/paulina_\/","title":{"rendered":"Paulina Rubio le pide una oportunidad laboral a Thal\u00eda"},"content":{"rendered":"\n<p> Thal\u00eda y Paulina Rubio protagonizan rumores de enfrentamiento desde su paso por Timbiriche. Ya desde aquellos a\u00f1os se hablaba de que entre las cantantes exist\u00eda una fuerte rivalidad. Se ha llegado a decir que compet\u00edan por ver qui\u00e9n era la m\u00e1s linda como as\u00ed tambi\u00e9n por qui\u00e9n de las dos era la m\u00e1s exitosa.<\/p>\n\n\n\n<p>Sin embargo, tanto Thal\u00eda como Paulina Rubio han intentado desmentir que esto sea cierto cada vez que han podido. Pero ambas ya han dejado atr\u00e1s la adolescencia y se podr\u00eda decir que esto era algo que hab\u00eda quedado en el pasado. Incluso, la hija de Susana Dosamantes le ha pedido a la esposa de Tommy Mottola una oportunidad laboral.<\/p>\n\n\n\n<p>Sin embargo, la forma en que Paulina Rubio ha hecho p\u00fablico este deseo lleva a pensar que las diferencias no quedaron saldadas como todos pens\u00e1bamos. Es que la &#8220;Chica Dorada&#8221; pr\u00e1cticamente culp\u00f3 a la int\u00e9rprete de &#8220;Amor a la mexicana&#8221; de haber hecho imposible todo este tiempo un trabajo conjunto para volver a verlas a las dos arriba de un mismo escenario.<\/p>\n\n\n\n<p>Fue en una entrevista reciente que Paulina Rubio hizo referencia a este tema. En ese sentido, la cantante record\u00f3 que junto a Alejandra Guzm\u00e1n llegaron a romper varios r\u00e9cords uniendo sus voces en una exitosa gira. &#8220;Creo que los duetos que hemos hecho desde Los Tigres del Norte, con Julieta Venegas, con Miguel Bos\u00e9 me han ayudado mucho y quiero seguir haci\u00e9ndolos&#8221;, indic\u00f3.<\/p>\n\n\n\n<p>Pero, adem\u00e1s, Paulina Rubio expres\u00f3 su deseo de &#8220;seguir rompiendo esquemas, porque yo no siento que tenga g\u00e9nero&#8221;. Fue as\u00ed como se\u00f1al\u00f3 que es aqu\u00ed donde le manda un recado directo a la int\u00e9rprete de &#8220;No me acuerdo&#8221;. &#8220;Armemos la gira&#8221;, le pidi\u00f3. &#8220;Tenemos que quitarnos\u2026yo creo la competencia m\u00e1s vivida del pop ha sido la de Thal\u00eda y la m\u00eda\u2026pues que ya la dejen hacer la gira&#8221;, agreg\u00f3.<\/p>\n","protected":false},"excerpt":{"rendered":"<p>Thal\u00eda y Paulina Rubio protagonizan rumores de enfrentamiento desde su paso por Timbiriche. Ya desde aquellos a\u00f1os se hablaba de que entre las cantantes exist\u00eda una fuerte rivalidad. Se ha llegado a decir que compet\u00edan por ver qui\u00e9n era la m\u00e1s linda como as\u00ed tambi\u00e9n por qui\u00e9n de las dos era la m\u00e1s exitosa. Sin [&hellip;]<\/p>\n","protected":false},"author":81,"featured_media":254081,"comment_status":"closed","ping_status":"closed","sticky":false,"template":"","format":"standard","meta":{"footnotes":""},"categories":[38],"tags":[],"class_list":["post-254080","post","type-post","status-publish","format-standard","has-post-thumbnail","hentry","category-show"],"_links":{"self":[{"href":"https:\/\/plazajuarez.mx\/historico\/wp-json\/wp\/v2\/posts\/254080","targetHints":{"allow":["GET"]}}],"collection":[{"href":"https:\/\/plazajuarez.mx\/historico\/wp-json\/wp\/v2\/posts"}],"about":[{"href":"https:\/\/plazajuarez.mx\/historico\/wp-json\/wp\/v2\/types\/post"}],"author":[{"embeddable":true,"href":"https:\/\/plazajuarez.mx\/historico\/wp-json\/wp\/v2\/users\/81"}],"replies":[{"embeddable":true,"href":"https:\/\/plazajuarez.mx\/historico\/wp-json\/wp\/v2\/comments?post=254080"}],"version-history":[{"count":0,"href":"https:\/\/plazajuarez.mx\/historico\/wp-json\/wp\/v2\/posts\/254080\/revisions"}],"wp:featuredmedia":[{"embeddable":true,"href":"https:\/\/plazajuarez.mx\/historico\/wp-json\/wp\/v2\/media\/254081"}],"wp:attachment":[{"href":"https:\/\/plazajuarez.mx\/historico\/wp-json\/wp\/v2\/media?parent=254080"}],"wp:term":[{"taxonomy":"category","embeddable":true,"href":"https:\/\/plazajuarez.mx\/historico\/wp-json\/wp\/v2\/categories?post=254080"},{"taxonomy":"post_tag","embeddable":true,"href":"https:\/\/plazajuarez.mx\/historico\/wp-json\/wp\/v2\/tags?post=254080"}],"curies":[{"name":"wp","href":"https:\/\/api.w.org\/{rel}","templated":true}]}}