{"id":254001,"date":"2023-03-21T08:19:00","date_gmt":"2023-03-21T14:19:00","guid":{"rendered":"https:\/\/plazajuarez.mx\/?p=254001"},"modified":"2023-03-21T10:24:28","modified_gmt":"2023-03-21T16:24:28","slug":"comienza-recepcion-de-documentos-para-programas-del-bienestar-2023","status":"publish","type":"post","link":"https:\/\/plazajuarez.mx\/historico\/comienza-recepcion-de-documentos-para-programas-del-bienestar-2023\/","title":{"rendered":"Comienza recepci\u00f3n de documentos para Programas del Bienestar 2023"},"content":{"rendered":"\n<p>La Secretar\u00eda de Desarrollo Social (Sedeso) comenz\u00f3 la recepci\u00f3n regional de documentos para la inscripci\u00f3n a los Programas del Bienestar 2023 en las zonas de Tula-Tepeji y Sierra Alta hidalguense, en busca de combatir rezagos y carencias sociales en sectores espec\u00edficos de la poblaci\u00f3n vulnerable de la entidad.<\/p>\n\n\n\n<p>Desde el 16 de marzo, las y los hidalguenses pueden inscribirse en los programas denominados \u201cBienestar y desarrollo\u201d, dirigido a las personas que se encuentren en alto grado de marginaci\u00f3n y pobreza; \u201cBienestar de madres solteras\u201d, dirigido a mujeres que trabajen en el sector formal y madres estudiantes; y \u201cBienestar de las personas con discapacidad\u201d, para quienes tengan discapacidad total y permanente.<\/p>\n\n\n\n<p>Para mayores informes y consultar todos los requisitos en la p\u00e1gina web de la Secretar\u00eda de Desarrollo Social del Gobierno del Estado de Hidalgo <a href=\"http:\/\/www.sedeso.hidalgo.gob.mx\">www.sedeso.hidalgo.gob.mx<\/a>&nbsp; o llamar a los tel\u00e9fonos (771) 7178000 extensiones 8948, 8950,8933 y 8538 de lunes a viernes de 9:00 a 16:00 horas.<\/p>\n","protected":false},"excerpt":{"rendered":"<p>La Secretar\u00eda de Desarrollo Social (Sedeso) comenz\u00f3 la recepci\u00f3n regional de documentos para la inscripci\u00f3n a los Programas del Bienestar 2023 en las zonas de Tula-Tepeji y Sierra Alta hidalguense, en busca de combatir rezagos y carencias sociales en sectores espec\u00edficos de la poblaci\u00f3n vulnerable de la entidad. Desde el 16 de marzo, las y [&hellip;]<\/p>\n","protected":false},"author":93,"featured_media":254005,"comment_status":"closed","ping_status":"closed","sticky":false,"template":"","format":"standard","meta":{"footnotes":""},"categories":[15,59],"tags":[],"class_list":["post-254001","post","type-post","status-publish","format-standard","has-post-thumbnail","hentry","category-destacadas","category-general"],"_links":{"self":[{"href":"https:\/\/plazajuarez.mx\/historico\/wp-json\/wp\/v2\/posts\/254001","targetHints":{"allow":["GET"]}}],"collection":[{"href":"https:\/\/plazajuarez.mx\/historico\/wp-json\/wp\/v2\/posts"}],"about":[{"href":"https:\/\/plazajuarez.mx\/historico\/wp-json\/wp\/v2\/types\/post"}],"author":[{"embeddable":true,"href":"https:\/\/plazajuarez.mx\/historico\/wp-json\/wp\/v2\/users\/93"}],"replies":[{"embeddable":true,"href":"https:\/\/plazajuarez.mx\/historico\/wp-json\/wp\/v2\/comments?post=254001"}],"version-history":[{"count":0,"href":"https:\/\/plazajuarez.mx\/historico\/wp-json\/wp\/v2\/posts\/254001\/revisions"}],"wp:featuredmedia":[{"embeddable":true,"href":"https:\/\/plazajuarez.mx\/historico\/wp-json\/wp\/v2\/media\/254005"}],"wp:attachment":[{"href":"https:\/\/plazajuarez.mx\/historico\/wp-json\/wp\/v2\/media?parent=254001"}],"wp:term":[{"taxonomy":"category","embeddable":true,"href":"https:\/\/plazajuarez.mx\/historico\/wp-json\/wp\/v2\/categories?post=254001"},{"taxonomy":"post_tag","embeddable":true,"href":"https:\/\/plazajuarez.mx\/historico\/wp-json\/wp\/v2\/tags?post=254001"}],"curies":[{"name":"wp","href":"https:\/\/api.w.org\/{rel}","templated":true}]}}