{"id":253625,"date":"2023-03-17T07:35:43","date_gmt":"2023-03-17T13:35:43","guid":{"rendered":"https:\/\/plazajuarez.mx\/?p=253625"},"modified":"2023-03-17T07:35:50","modified_gmt":"2023-03-17T13:35:50","slug":"entregan-constancias-a-asistentes-al-seminario-en-seguridad","status":"publish","type":"post","link":"https:\/\/plazajuarez.mx\/historico\/entregan-constancias-a-asistentes-al-seminario-en-seguridad\/","title":{"rendered":"Entregan constancias a asistentes al Seminario en Seguridad"},"content":{"rendered":"\n<p>El titular del Ejecutivo estatal, Julio Menchaca, entreg\u00f3 constancias de participaci\u00f3n a integrantes de la Secretar\u00eda T\u00e9cnica del Despacho del Gobernador por haber concluido satisfactoriamente el Seminario en Seguridad Nacional, impartido por el Colegio de Defensa Nacional.<\/p>\n\n\n\n<p>El curso form\u00f3 parte de las actividades impulsadas por el convenio con el Centro de Capacitaci\u00f3n y Formaci\u00f3n Permanente del Senado para promover la profesionalizaci\u00f3n de las y los servidores p\u00fablicos.<\/p>\n","protected":false},"excerpt":{"rendered":"<p>El titular del Ejecutivo estatal, Julio Menchaca, entreg\u00f3 constancias de participaci\u00f3n a integrantes de la Secretar\u00eda T\u00e9cnica del Despacho del Gobernador por haber concluido satisfactoriamente el Seminario en Seguridad Nacional, impartido por el Colegio de Defensa Nacional. El curso form\u00f3 parte de las actividades impulsadas por el convenio con el Centro de Capacitaci\u00f3n y Formaci\u00f3n [&hellip;]<\/p>\n","protected":false},"author":93,"featured_media":253631,"comment_status":"closed","ping_status":"closed","sticky":false,"template":"","format":"standard","meta":{"footnotes":""},"categories":[15,59],"tags":[],"class_list":["post-253625","post","type-post","status-publish","format-standard","has-post-thumbnail","hentry","category-destacadas","category-general"],"_links":{"self":[{"href":"https:\/\/plazajuarez.mx\/historico\/wp-json\/wp\/v2\/posts\/253625","targetHints":{"allow":["GET"]}}],"collection":[{"href":"https:\/\/plazajuarez.mx\/historico\/wp-json\/wp\/v2\/posts"}],"about":[{"href":"https:\/\/plazajuarez.mx\/historico\/wp-json\/wp\/v2\/types\/post"}],"author":[{"embeddable":true,"href":"https:\/\/plazajuarez.mx\/historico\/wp-json\/wp\/v2\/users\/93"}],"replies":[{"embeddable":true,"href":"https:\/\/plazajuarez.mx\/historico\/wp-json\/wp\/v2\/comments?post=253625"}],"version-history":[{"count":0,"href":"https:\/\/plazajuarez.mx\/historico\/wp-json\/wp\/v2\/posts\/253625\/revisions"}],"wp:featuredmedia":[{"embeddable":true,"href":"https:\/\/plazajuarez.mx\/historico\/wp-json\/wp\/v2\/media\/253631"}],"wp:attachment":[{"href":"https:\/\/plazajuarez.mx\/historico\/wp-json\/wp\/v2\/media?parent=253625"}],"wp:term":[{"taxonomy":"category","embeddable":true,"href":"https:\/\/plazajuarez.mx\/historico\/wp-json\/wp\/v2\/categories?post=253625"},{"taxonomy":"post_tag","embeddable":true,"href":"https:\/\/plazajuarez.mx\/historico\/wp-json\/wp\/v2\/tags?post=253625"}],"curies":[{"name":"wp","href":"https:\/\/api.w.org\/{rel}","templated":true}]}}