{"id":253617,"date":"2023-03-16T22:51:04","date_gmt":"2023-03-17T04:51:04","guid":{"rendered":"https:\/\/plazajuarez.mx\/?p=253617"},"modified":"2023-03-16T22:51:12","modified_gmt":"2023-03-17T04:51:12","slug":"acude-yolanda-telleria-a-audiencia-y-sale-libre","status":"publish","type":"post","link":"https:\/\/plazajuarez.mx\/historico\/acude-yolanda-telleria-a-audiencia-y-sale-libre\/","title":{"rendered":"Acude Yolanda Teller\u00eda a audiencia y sale libre"},"content":{"rendered":"\n<p>Aunque corri\u00f3 como reguero de p\u00f3lvora la presunta detenci\u00f3n de la expresidenta Municipal de Pachuca, Yolanda Teller\u00eda Beltr\u00e1n, la Procuradur\u00eda General de Justicia del estado de Hidalgo, desminti\u00f3 la versi\u00f3n e indic\u00f3 que se trat\u00f3 de una audiencia a la que acudi\u00f3 la ex alcaldesa pachuque\u00f1a, para enfrentar en calidad de imputada la continuidad de un juicio en su contra por uso indebido de atribuciones y facultades.<\/p>\n\n\n\n<p>Durante la audiencia, el agente del Ministerio P\u00fablico present\u00f3 datos de prueba, mientras que Teller\u00eda Beltr\u00e1n interpuso atributos de defensa; sin embargo, la audiencia se prolong\u00f3 por varias horas, en tanto que la juez que conoce del proceso acept\u00f3 y valor\u00f3 cada uno de los argumentos presentados por ambas partes.<\/p>\n\n\n\n<p>Del caso se recuerda que fue el 7 de diciembre de 2022, cuando la Secretar\u00eda de Contralor\u00eda de Hidalgo, present\u00f3 una denuncia ante la Fiscal\u00eda Especializada en Delitos de Corrupci\u00f3n en contra de la edil.<\/p>\n\n\n\n<p>Por ello, la expresidenta municipal de Pachuca, promovi\u00f3 ante el juzgado Primero de Distrito que preside la jueza Berta Patricia Orozco, dos juicios de amparo, en contra de cualquier orden de aprehensi\u00f3n, pero el recurso fue negado por inexistencia del acto reclamado (No exist\u00eda orden de aprehensi\u00f3n en su contra).<\/p>\n\n\n\n<p>Hoy durante la audiencia, el agente del Ministerio P\u00fablico dependiente de la Procuradur\u00eda General de Justicia fue reiterativo en quererle imputar el delito que presuntamente habr\u00eda cometido al autorizar la jubilaci\u00f3n de la trabajadora Teresa Mart\u00ednez Barrera, exdirectora de Recursos Humanos durante la administraci\u00f3n de Yolanda Teller\u00eda en Pachuca, pero la instancia judicial considero que no hay medios de prueba suficientes para acreditar el delito.<\/p>\n\n\n\n<p>Por ello al finalizar la continuaci\u00f3n de la audiencia inicial, Teller\u00eda Beltr\u00e1n libr\u00f3 de manera favorable el proceso judicial emprendido en su contra y no fue vinculada a proceso.<\/p>\n\n\n\n<p>Al salir de los juzgados Yolanda Teller\u00eda, con tranquilidad extern\u00f3 a varios representantes de medios informativos que tiene la conciencia tranquila.<\/p>\n","protected":false},"excerpt":{"rendered":"<p>Aunque corri\u00f3 como reguero de p\u00f3lvora la presunta detenci\u00f3n de la expresidenta Municipal de Pachuca, Yolanda Teller\u00eda Beltr\u00e1n, la Procuradur\u00eda General de Justicia del estado de Hidalgo, desminti\u00f3 la versi\u00f3n e indic\u00f3 que se trat\u00f3 de una audiencia a la que acudi\u00f3 la ex alcaldesa pachuque\u00f1a, para enfrentar en calidad de imputada la continuidad de [&hellip;]<\/p>\n","protected":false},"author":93,"featured_media":253618,"comment_status":"closed","ping_status":"closed","sticky":false,"template":"","format":"standard","meta":{"footnotes":""},"categories":[37,15,59],"tags":[],"class_list":["post-253617","post","type-post","status-publish","format-standard","has-post-thumbnail","hentry","category-barandilla","category-destacadas","category-general"],"_links":{"self":[{"href":"https:\/\/plazajuarez.mx\/historico\/wp-json\/wp\/v2\/posts\/253617","targetHints":{"allow":["GET"]}}],"collection":[{"href":"https:\/\/plazajuarez.mx\/historico\/wp-json\/wp\/v2\/posts"}],"about":[{"href":"https:\/\/plazajuarez.mx\/historico\/wp-json\/wp\/v2\/types\/post"}],"author":[{"embeddable":true,"href":"https:\/\/plazajuarez.mx\/historico\/wp-json\/wp\/v2\/users\/93"}],"replies":[{"embeddable":true,"href":"https:\/\/plazajuarez.mx\/historico\/wp-json\/wp\/v2\/comments?post=253617"}],"version-history":[{"count":0,"href":"https:\/\/plazajuarez.mx\/historico\/wp-json\/wp\/v2\/posts\/253617\/revisions"}],"wp:featuredmedia":[{"embeddable":true,"href":"https:\/\/plazajuarez.mx\/historico\/wp-json\/wp\/v2\/media\/253618"}],"wp:attachment":[{"href":"https:\/\/plazajuarez.mx\/historico\/wp-json\/wp\/v2\/media?parent=253617"}],"wp:term":[{"taxonomy":"category","embeddable":true,"href":"https:\/\/plazajuarez.mx\/historico\/wp-json\/wp\/v2\/categories?post=253617"},{"taxonomy":"post_tag","embeddable":true,"href":"https:\/\/plazajuarez.mx\/historico\/wp-json\/wp\/v2\/tags?post=253617"}],"curies":[{"name":"wp","href":"https:\/\/api.w.org\/{rel}","templated":true}]}}