{"id":253447,"date":"2023-03-15T09:10:00","date_gmt":"2023-03-15T15:10:00","guid":{"rendered":"https:\/\/plazajuarez.mx\/?p=253447"},"modified":"2023-03-15T13:18:40","modified_gmt":"2023-03-15T19:18:40","slug":"canelo-alvarez-confirma-pelea-ante-john-ryder-en-el-estadio-akron","status":"publish","type":"post","link":"https:\/\/plazajuarez.mx\/historico\/canelo-alvarez-confirma-pelea-ante-john-ryder-en-el-estadio-akron\/","title":{"rendered":"&#8220;Canelo&#8221; \u00c1lvarez confirma pelea ante John Ryder en el estadio Akron"},"content":{"rendered":"\n<p>Es oficial. Sa\u00fal &#8220;Canelo&#8221; \u00c1lvarez defender\u00e1 el pr\u00f3ximo 6 de mayo, en el estado de Jalisco, los t\u00edtulos de peso supermediano de la Asociaci\u00f3n Mundial de Boxeo, Consejo Mundial, Federaci\u00f3n Internacional y Organizaci\u00f3n Mundial de Boxeo.<\/p>\n\n\n\n<p>&#8220;\u00a1Confirmado! Defender\u00e9 mis t\u00edtulos en Jalisco este pr\u00f3ximo 6 de mayo en el Estadio Akron contra John Ryder&#8221;, escribi\u00f3 Sa\u00fal \u00c1lvarez en sus redes sociales.<\/p>\n\n\n\n<p>El p\u00fagil mexicano defender\u00e1 sus cinturones ante el brit\u00e1nico de 34 a\u00f1os, John Ryder, en el Estadio Akron, casa de las Chivas del Guadalajara, en lo que marcar\u00e1 el regreso del &#8216;Canelo&#8217; al suelo mexicano.<\/p>\n\n\n\n<p>&#8220;En mayo de este a\u00f1o voy a pelear por Jalisco y celebrar con mi gente la grandeza de nuestra tierra. Por eso estoy listo para regresar a mi casa para defender mis t\u00edtulos en el lugar en el que nac\u00ed e inici\u00f3 mi historia con la gente que siempre me ha apoyado&#8221;, inform\u00f3 en febrero, mediante Twitter, el pugilista.<\/p>\n\n\n\n<p>&#8220;Canelo&#8221; volver\u00e1 a su casa; el hist\u00f3rico pugilista tricolor naci\u00f3 en Guadalajara un 18 de julio de 1990.<\/p>\n\n\n\n<p>\u00c1lvarez tiene 58 victorias, 39 de ellas por la v\u00eda r\u00e1pida y dos derrotas, la m\u00e1s reciente de ellas la sufri\u00f3 ante el ruso Dmitry Bivol, a quien enfrent\u00f3 por el cetro semipesado de la Asociaci\u00f3n Mundial de Boxeo.<\/p>\n","protected":false},"excerpt":{"rendered":"<p>Es oficial. Sa\u00fal &#8220;Canelo&#8221; \u00c1lvarez defender\u00e1 el pr\u00f3ximo 6 de mayo, en el estado de Jalisco, los t\u00edtulos de peso supermediano de la Asociaci\u00f3n Mundial de Boxeo, Consejo Mundial, Federaci\u00f3n Internacional y Organizaci\u00f3n Mundial de Boxeo. &#8220;\u00a1Confirmado! Defender\u00e9 mis t\u00edtulos en Jalisco este pr\u00f3ximo 6 de mayo en el Estadio Akron contra John Ryder&#8221;, escribi\u00f3 [&hellip;]<\/p>\n","protected":false},"author":81,"featured_media":253451,"comment_status":"closed","ping_status":"closed","sticky":false,"template":"","format":"standard","meta":{"footnotes":""},"categories":[39],"tags":[],"class_list":["post-253447","post","type-post","status-publish","format-standard","has-post-thumbnail","hentry","category-deportiva"],"_links":{"self":[{"href":"https:\/\/plazajuarez.mx\/historico\/wp-json\/wp\/v2\/posts\/253447","targetHints":{"allow":["GET"]}}],"collection":[{"href":"https:\/\/plazajuarez.mx\/historico\/wp-json\/wp\/v2\/posts"}],"about":[{"href":"https:\/\/plazajuarez.mx\/historico\/wp-json\/wp\/v2\/types\/post"}],"author":[{"embeddable":true,"href":"https:\/\/plazajuarez.mx\/historico\/wp-json\/wp\/v2\/users\/81"}],"replies":[{"embeddable":true,"href":"https:\/\/plazajuarez.mx\/historico\/wp-json\/wp\/v2\/comments?post=253447"}],"version-history":[{"count":0,"href":"https:\/\/plazajuarez.mx\/historico\/wp-json\/wp\/v2\/posts\/253447\/revisions"}],"wp:featuredmedia":[{"embeddable":true,"href":"https:\/\/plazajuarez.mx\/historico\/wp-json\/wp\/v2\/media\/253451"}],"wp:attachment":[{"href":"https:\/\/plazajuarez.mx\/historico\/wp-json\/wp\/v2\/media?parent=253447"}],"wp:term":[{"taxonomy":"category","embeddable":true,"href":"https:\/\/plazajuarez.mx\/historico\/wp-json\/wp\/v2\/categories?post=253447"},{"taxonomy":"post_tag","embeddable":true,"href":"https:\/\/plazajuarez.mx\/historico\/wp-json\/wp\/v2\/tags?post=253447"}],"curies":[{"name":"wp","href":"https:\/\/api.w.org\/{rel}","templated":true}]}}