{"id":252784,"date":"2023-03-08T17:48:03","date_gmt":"2023-03-08T23:48:03","guid":{"rendered":"https:\/\/plazajuarez.mx\/?p=252784"},"modified":"2023-03-08T17:48:15","modified_gmt":"2023-03-08T23:48:15","slug":"colectiva-feminista-instala-modulos-informativos-previo-a-la-marcha-en-huejutla","status":"publish","type":"post","link":"https:\/\/plazajuarez.mx\/historico\/colectiva-feminista-instala-modulos-informativos-previo-a-la-marcha-en-huejutla\/","title":{"rendered":"Colectiva feminista instala m\u00f3dulos informativos previo a la marcha en Huejutla"},"content":{"rendered":"\n<p><strong>Huejutla, Hgo<\/strong>. Previo a la marcha programada para esta tarde del 8 de marzo, con el motivo de conmemorar el &#8220;D\u00eda internacional de la mujer&#8221;, la colectiva feminista &#8220;Tetik Siuatl&#8221; ha instalado unos m\u00f3dulos informativos en la zona centro del municipio de Huejutla de Reyes.<\/p>\n\n\n\n<p>Adem\u00e1s, en el kiosco municipal se pueden observar algunas lonas y cartulinas con frases como: &#8220;no me digas feliz d\u00eda, mejor lev\u00e1ntate y lucha conmigo&#8221; , &#8220;no se trata de tener derecho a ser iguales, sino de tener igual derecho a ser diferente&#8221;, &#8220;No permitas que nadie te arruine la vida&#8221;, &#8220;Que nadie te impida brillar&#8221; , entre otros.<\/p>\n\n\n\n<p>Mientras tanto, en el m\u00f3dulo informativo se pueden encontrar folletos, sobre temas de enfermedades de transmisi\u00f3n sexual, derechos humanos, aborto, etc.<\/p>\n\n\n\n<p>En d\u00edas pasados, representantes de la colectiva feminista &#8220;Tetik Siuatl&#8221; realizaron unas jornadas informativas en diversas escuelas de la regi\u00f3n con el objetivo de brindar informaci\u00f3n sobre diferentes temas de inter\u00e9s.<\/p>\n","protected":false},"excerpt":{"rendered":"<p>Huejutla, Hgo. Previo a la marcha programada para esta tarde del 8 de marzo, con el motivo de conmemorar el &#8220;D\u00eda internacional de la mujer&#8221;, la colectiva feminista &#8220;Tetik Siuatl&#8221; ha instalado unos m\u00f3dulos informativos en la zona centro del municipio de Huejutla de Reyes. Adem\u00e1s, en el kiosco municipal se pueden observar algunas lonas [&hellip;]<\/p>\n","protected":false},"author":76,"featured_media":252785,"comment_status":"closed","ping_status":"closed","sticky":false,"template":"","format":"standard","meta":{"footnotes":""},"categories":[15,2159,40],"tags":[],"class_list":["post-252784","post","type-post","status-publish","format-standard","has-post-thumbnail","hentry","category-destacadas","category-noticias-de-hidalgo","category-region"],"_links":{"self":[{"href":"https:\/\/plazajuarez.mx\/historico\/wp-json\/wp\/v2\/posts\/252784","targetHints":{"allow":["GET"]}}],"collection":[{"href":"https:\/\/plazajuarez.mx\/historico\/wp-json\/wp\/v2\/posts"}],"about":[{"href":"https:\/\/plazajuarez.mx\/historico\/wp-json\/wp\/v2\/types\/post"}],"author":[{"embeddable":true,"href":"https:\/\/plazajuarez.mx\/historico\/wp-json\/wp\/v2\/users\/76"}],"replies":[{"embeddable":true,"href":"https:\/\/plazajuarez.mx\/historico\/wp-json\/wp\/v2\/comments?post=252784"}],"version-history":[{"count":0,"href":"https:\/\/plazajuarez.mx\/historico\/wp-json\/wp\/v2\/posts\/252784\/revisions"}],"wp:featuredmedia":[{"embeddable":true,"href":"https:\/\/plazajuarez.mx\/historico\/wp-json\/wp\/v2\/media\/252785"}],"wp:attachment":[{"href":"https:\/\/plazajuarez.mx\/historico\/wp-json\/wp\/v2\/media?parent=252784"}],"wp:term":[{"taxonomy":"category","embeddable":true,"href":"https:\/\/plazajuarez.mx\/historico\/wp-json\/wp\/v2\/categories?post=252784"},{"taxonomy":"post_tag","embeddable":true,"href":"https:\/\/plazajuarez.mx\/historico\/wp-json\/wp\/v2\/tags?post=252784"}],"curies":[{"name":"wp","href":"https:\/\/api.w.org\/{rel}","templated":true}]}}