{"id":252781,"date":"2023-03-08T14:28:02","date_gmt":"2023-03-08T20:28:02","guid":{"rendered":"https:\/\/plazajuarez.mx\/?p=252781"},"modified":"2023-03-08T14:28:09","modified_gmt":"2023-03-08T20:28:09","slug":"inician-movilizaciones-en-cdmx-para-conmemorar-dia-internacional-de-la-mujer","status":"publish","type":"post","link":"https:\/\/plazajuarez.mx\/historico\/inician-movilizaciones-en-cdmx-para-conmemorar-dia-internacional-de-la-mujer\/","title":{"rendered":"Inician movilizaciones en CDMX para conmemorar D\u00eda Internacional de la Mujer"},"content":{"rendered":"\n<p>Alrededor de las 13:00 horas, sali\u00f3 la primera vanguardia de la ola violeta de mujeres que hoy conmemoran el D\u00eda Internacional de la Mujer marchando con destino al Z\u00f3calo de la Ciudad de M\u00e9xico, provenientes de la Glorieta de las Mujeres que Luchan y del Monumento a la Revoluci\u00f3n.<br><br>&#8220;Te quiero con o sin chichis&#8221;, fue la primera consigna que decenas de manifestantes, entre pacientes oncol\u00f3gicas, familiares de v\u00edctimas de feminicidio y comunidades universitarias, corearon y dibujaron en su ropa y cuerpos desnudos desde los jardines de Paseo de la Reforma en apoyo a las sobrevivientes de c\u00e1ncer.<br><br>Pronto, centenas de voces celebraron: &#8220;No se va a caer lo vamos a tirar&#8221;, desde las banquetas, ventanas y calles aleda\u00f1as a Paseo de la Reforma y as\u00ed dio inicio la movilizaci\u00f3n por el 8M que colectivas convocaron a partir de las 15:00, pero las manifestantes adelantaron ante la urgencia de ser escuchadas.<br><br>Tamborazos, reggaet\u00f3n y cantos, retumbaron por la avenida principal del primer cuadro de la CDMX hasta que arribaron a Avenida Ju\u00e1rez en donde varias aguardaban a sus compa\u00f1eras, contin\u00faan su avance hacia el primer cuadro de la ciudad.<br><br>Hasta el momento, diferentes colectivas tienen programado su avance con destino a Palacio Nacional en diferentes momentos de esta tarde as\u00ed que las vialidades cercanas al Centro Hist\u00f3rico y salidas de Metro permanecer\u00e1n cerradas.<\/p>\n","protected":false},"excerpt":{"rendered":"<p>Alrededor de las 13:00 horas, sali\u00f3 la primera vanguardia de la ola violeta de mujeres que hoy conmemoran el D\u00eda Internacional de la Mujer marchando con destino al Z\u00f3calo de la Ciudad de M\u00e9xico, provenientes de la Glorieta de las Mujeres que Luchan y del Monumento a la Revoluci\u00f3n. &#8220;Te quiero con o sin chichis&#8221;, [&hellip;]<\/p>\n","protected":false},"author":81,"featured_media":252782,"comment_status":"closed","ping_status":"closed","sticky":false,"template":"","format":"standard","meta":{"footnotes":""},"categories":[15,36],"tags":[],"class_list":["post-252781","post","type-post","status-publish","format-standard","has-post-thumbnail","hentry","category-destacadas","category-nacion"],"_links":{"self":[{"href":"https:\/\/plazajuarez.mx\/historico\/wp-json\/wp\/v2\/posts\/252781","targetHints":{"allow":["GET"]}}],"collection":[{"href":"https:\/\/plazajuarez.mx\/historico\/wp-json\/wp\/v2\/posts"}],"about":[{"href":"https:\/\/plazajuarez.mx\/historico\/wp-json\/wp\/v2\/types\/post"}],"author":[{"embeddable":true,"href":"https:\/\/plazajuarez.mx\/historico\/wp-json\/wp\/v2\/users\/81"}],"replies":[{"embeddable":true,"href":"https:\/\/plazajuarez.mx\/historico\/wp-json\/wp\/v2\/comments?post=252781"}],"version-history":[{"count":0,"href":"https:\/\/plazajuarez.mx\/historico\/wp-json\/wp\/v2\/posts\/252781\/revisions"}],"wp:featuredmedia":[{"embeddable":true,"href":"https:\/\/plazajuarez.mx\/historico\/wp-json\/wp\/v2\/media\/252782"}],"wp:attachment":[{"href":"https:\/\/plazajuarez.mx\/historico\/wp-json\/wp\/v2\/media?parent=252781"}],"wp:term":[{"taxonomy":"category","embeddable":true,"href":"https:\/\/plazajuarez.mx\/historico\/wp-json\/wp\/v2\/categories?post=252781"},{"taxonomy":"post_tag","embeddable":true,"href":"https:\/\/plazajuarez.mx\/historico\/wp-json\/wp\/v2\/tags?post=252781"}],"curies":[{"name":"wp","href":"https:\/\/api.w.org\/{rel}","templated":true}]}}