{"id":251961,"date":"2023-03-01T08:00:00","date_gmt":"2023-03-01T14:00:00","guid":{"rendered":"https:\/\/plazajuarez.mx\/?p=251961"},"modified":"2023-03-01T14:53:03","modified_gmt":"2023-03-01T20:53:03","slug":"este-miercoles-o-manana-se-publica-reforma-electoral-amlo","status":"publish","type":"post","link":"https:\/\/plazajuarez.mx\/historico\/este-miercoles-o-manana-se-publica-reforma-electoral-amlo\/","title":{"rendered":"Este mi\u00e9rcoles o ma\u00f1ana, se publica reforma electoral: AMLO"},"content":{"rendered":"\n<p>El presidente Andr\u00e9s Manuel L\u00f3pez Obrador inform\u00f3 que la tarde de este mi\u00e9rcoles o a m\u00e1s tardar ma\u00f1ana jueves se publicar\u00e1 en el Diario Oficial de la Federaci\u00f3n (DOF) el llamado Plan B en materia de reforma electoral.<br><br>En su conferencia ma\u00f1anera en Palacio Nacional, L\u00f3pez Obrador se\u00f1al\u00f3 que esto se lo inform\u00f3 Ad\u00e1n Augusto L\u00f3pez Hern\u00e1ndez, titular de la Secretar\u00eda de Gobernaci\u00f3n (Segob).<br><br>&#8220;\u00bfQu\u00e9 est\u00e1 pasando con la publicaci\u00f3n de la reforma electoral, por qu\u00e9 todav\u00eda no se publica?&#8221;, se le pregunt\u00f3 en Palacio Nacional.<br><br>&#8220;Pues no s\u00e9, pero me inform\u00f3 el secretario de Gobernaci\u00f3n que hoy por la tarde, a m\u00e1s tarde ma\u00f1ana, ya se publica la reforma electoral&#8221;, respondi\u00f3.<\/p>\n","protected":false},"excerpt":{"rendered":"<p>El presidente Andr\u00e9s Manuel L\u00f3pez Obrador inform\u00f3 que la tarde de este mi\u00e9rcoles o a m\u00e1s tardar ma\u00f1ana jueves se publicar\u00e1 en el Diario Oficial de la Federaci\u00f3n (DOF) el llamado Plan B en materia de reforma electoral. En su conferencia ma\u00f1anera en Palacio Nacional, L\u00f3pez Obrador se\u00f1al\u00f3 que esto se lo inform\u00f3 Ad\u00e1n Augusto [&hellip;]<\/p>\n","protected":false},"author":81,"featured_media":250956,"comment_status":"closed","ping_status":"closed","sticky":false,"template":"","format":"standard","meta":{"footnotes":""},"categories":[15,36],"tags":[],"class_list":["post-251961","post","type-post","status-publish","format-standard","has-post-thumbnail","hentry","category-destacadas","category-nacion"],"_links":{"self":[{"href":"https:\/\/plazajuarez.mx\/historico\/wp-json\/wp\/v2\/posts\/251961","targetHints":{"allow":["GET"]}}],"collection":[{"href":"https:\/\/plazajuarez.mx\/historico\/wp-json\/wp\/v2\/posts"}],"about":[{"href":"https:\/\/plazajuarez.mx\/historico\/wp-json\/wp\/v2\/types\/post"}],"author":[{"embeddable":true,"href":"https:\/\/plazajuarez.mx\/historico\/wp-json\/wp\/v2\/users\/81"}],"replies":[{"embeddable":true,"href":"https:\/\/plazajuarez.mx\/historico\/wp-json\/wp\/v2\/comments?post=251961"}],"version-history":[{"count":0,"href":"https:\/\/plazajuarez.mx\/historico\/wp-json\/wp\/v2\/posts\/251961\/revisions"}],"wp:featuredmedia":[{"embeddable":true,"href":"https:\/\/plazajuarez.mx\/historico\/wp-json\/wp\/v2\/media\/250956"}],"wp:attachment":[{"href":"https:\/\/plazajuarez.mx\/historico\/wp-json\/wp\/v2\/media?parent=251961"}],"wp:term":[{"taxonomy":"category","embeddable":true,"href":"https:\/\/plazajuarez.mx\/historico\/wp-json\/wp\/v2\/categories?post=251961"},{"taxonomy":"post_tag","embeddable":true,"href":"https:\/\/plazajuarez.mx\/historico\/wp-json\/wp\/v2\/tags?post=251961"}],"curies":[{"name":"wp","href":"https:\/\/api.w.org\/{rel}","templated":true}]}}