{"id":251931,"date":"2023-03-01T10:44:00","date_gmt":"2023-03-01T16:44:00","guid":{"rendered":"https:\/\/plazajuarez.mx\/?p=251931"},"modified":"2023-03-01T12:47:19","modified_gmt":"2023-03-01T18:47:19","slug":"brazos-y-villanos-reviven-historica-rivalidad-en-la-arena-aficion","status":"publish","type":"post","link":"https:\/\/plazajuarez.mx\/historico\/brazos-y-villanos-reviven-historica-rivalidad-en-la-arena-aficion\/","title":{"rendered":"Brazos y Villanos reviven hist\u00f3rica rivalidad en la Arena Afici\u00f3n"},"content":{"rendered":"\n<p>Hay rivalidades en la lucha libre mexicana que han trascendido el tiempo y se niegan a morir. Es el caso de la que sostienen desde hace d\u00e9cadas los Brazos y los Villanos, dos de las familias m\u00e1s longevas y numerosas en el pancracio mexicano.<\/p>\n\n\n\n<p>Corr\u00eda el a\u00f1o de 1988 cuando tras mucho tiempo de batallas encarnizadas, los Brazos perdieron sus inc\u00f3gnitas ante los herederos de Ray Mendoza, en la Plaza de Toros de Monterrey.<\/p>\n\n\n\n<p>Una afrenta que no olvidan los Alvarado, sobre todo, los enmascarados que siguen con la tradici\u00f3n forjada por su abuelo, Shadito Cruz.<\/p>\n\n\n\n<p>Es el caso del Brazo Celestial, quien junto a sus primos, se mueven en el terreno independiente bajo el concepto de los Bad Boys, mote que suelen afianzar en cada nueva batalla con los nuevos Villanos.<\/p>\n\n\n\n<p>&#8220;Siempre sonando fuerte con los Bad Boys&#8221;, advierte el Brazo Celestial. &#8220;Es un concepto que renaci\u00f3 y en cuatro a\u00f1os ha sido del agrado del p\u00fablico. Ya con campeonatos, cabelleras y m\u00e1s trofeos, en nuestro poder&#8221;.<\/p>\n\n\n\n<p>Y es que ser un Alvarado, es un orgullo a prueba de fuego. &#8220;Siento que lo hemos hecho bien, en lo personal, a punto de cumplir 14 a\u00f1os como luchador profesional&#8221;.<\/p>\n\n\n\n<p>Al igual que el resto de su familia luch\u00edstica, el Brazo Celestial arrastra un deseo de revancha inquebrantable. &#8220;Quiero culminar la rivalidad con Rokambole Jr., siento que ya es momento de tener un duelo de m\u00e1scara contra m\u00e1scara. Es un cl\u00e1sico de la lucha libre, es sin\u00f3nimo de revancha&#8221;.<\/p>\n","protected":false},"excerpt":{"rendered":"<p>Hay rivalidades en la lucha libre mexicana que han trascendido el tiempo y se niegan a morir. Es el caso de la que sostienen desde hace d\u00e9cadas los Brazos y los Villanos, dos de las familias m\u00e1s longevas y numerosas en el pancracio mexicano. Corr\u00eda el a\u00f1o de 1988 cuando tras mucho tiempo de batallas [&hellip;]<\/p>\n","protected":false},"author":81,"featured_media":251934,"comment_status":"closed","ping_status":"closed","sticky":false,"template":"","format":"standard","meta":{"footnotes":""},"categories":[39],"tags":[],"class_list":["post-251931","post","type-post","status-publish","format-standard","has-post-thumbnail","hentry","category-deportiva"],"_links":{"self":[{"href":"https:\/\/plazajuarez.mx\/historico\/wp-json\/wp\/v2\/posts\/251931","targetHints":{"allow":["GET"]}}],"collection":[{"href":"https:\/\/plazajuarez.mx\/historico\/wp-json\/wp\/v2\/posts"}],"about":[{"href":"https:\/\/plazajuarez.mx\/historico\/wp-json\/wp\/v2\/types\/post"}],"author":[{"embeddable":true,"href":"https:\/\/plazajuarez.mx\/historico\/wp-json\/wp\/v2\/users\/81"}],"replies":[{"embeddable":true,"href":"https:\/\/plazajuarez.mx\/historico\/wp-json\/wp\/v2\/comments?post=251931"}],"version-history":[{"count":0,"href":"https:\/\/plazajuarez.mx\/historico\/wp-json\/wp\/v2\/posts\/251931\/revisions"}],"wp:featuredmedia":[{"embeddable":true,"href":"https:\/\/plazajuarez.mx\/historico\/wp-json\/wp\/v2\/media\/251934"}],"wp:attachment":[{"href":"https:\/\/plazajuarez.mx\/historico\/wp-json\/wp\/v2\/media?parent=251931"}],"wp:term":[{"taxonomy":"category","embeddable":true,"href":"https:\/\/plazajuarez.mx\/historico\/wp-json\/wp\/v2\/categories?post=251931"},{"taxonomy":"post_tag","embeddable":true,"href":"https:\/\/plazajuarez.mx\/historico\/wp-json\/wp\/v2\/tags?post=251931"}],"curies":[{"name":"wp","href":"https:\/\/api.w.org\/{rel}","templated":true}]}}