{"id":251924,"date":"2023-03-01T12:38:34","date_gmt":"2023-03-01T18:38:34","guid":{"rendered":"https:\/\/plazajuarez.mx\/?p=251924"},"modified":"2023-03-01T12:38:40","modified_gmt":"2023-03-01T18:38:40","slug":"mexico-ofrece-a-turquia-ayuda-para-reconstruccion-tras-sismo","status":"publish","type":"post","link":"https:\/\/plazajuarez.mx\/historico\/mexico-ofrece-a-turquia-ayuda-para-reconstruccion-tras-sismo\/","title":{"rendered":"M\u00e9xico ofrece a Turqu\u00eda ayuda para reconstrucci\u00f3n tras sismo"},"content":{"rendered":"\n<p>El canciller Marcelo Ebrard ofreci\u00f3 al gobierno de Turqu\u00eda apoyo para las labores de reconstrucci\u00f3n en las zonas afectadas por el terremoto del mes pasado.<\/p>\n\n\n\n<p>En su viaje a India, el canciller se reuni\u00f3 con el ministro de exteriores de Turqu\u00eda, Mevlut Cavusoglu, quien le agradeci\u00f3 por el apoyo de M\u00e9xico tras el terremoto.<\/p>\n\n\n\n<p>El jefe de la diplomacia turca record\u00f3 la ayuda prestada por elementos del Ej\u00e9rcito, Marina y Cruz Roja, as\u00ed como de los perros de rescate, particularmente de Proteo.<\/p>\n\n\n\n<p>&#8220;Me gustar\u00eda agradecer al Gobierno de M\u00e9xico, as\u00ed como a la gente de M\u00e9xico, por su solidaridad y apoyo, y por enviar equipos de b\u00fasqueda y rescate de 150 personas y con los mexicanos que tambi\u00e9n enviaron equipos de b\u00fasqueda y rescate&#8221;, expres\u00f3.<\/p>\n\n\n\n<p>Asegur\u00f3 que &#8220;nunca olvidaremos el apoyo del Gobierno mexicano, el pueblo mexicano, durante estos momentos dif\u00edciles que estamos pasando en Turqu\u00eda despu\u00e9s de los terremotos&#8221;.<\/p>\n\n\n\n<p>El canciller Ebrard viaj\u00f3 a Nueva Dehli, India, para participar en la reuni\u00f3n de ministros de Relaciones Exteriores del G20, que agrupa a las mayores econom\u00edas del mundo.<\/p>\n\n\n\n<p>El funcionario se reuni\u00f3 con el ministro del exterior de India, Subrahmanyam Jaishankar, con quien dialog\u00f3 sobre el trabajo conjunto entre ambos pa\u00edses a favor de la paz y el desarrollo.<\/p>\n\n\n\n<p>Los cancilleres de M\u00e9xico y la India se congratularon por el trabajo conjunto en materia de acceso a vacunas y medicamentos.<\/p>\n\n\n\n<p>Tambi\u00e9n sostuvo un encuentro de trabajo con el secretario de Estado para Relaciones Exteriores y de la Mancomunidad del Reino Unido, James Cleverly, con quien convers\u00f3 sobre comercio bilateral, transici\u00f3n energ\u00e9tica, cooperaci\u00f3n y oc\u00e9anos sustentables.<\/p>\n","protected":false},"excerpt":{"rendered":"<p>El canciller Marcelo Ebrard ofreci\u00f3 al gobierno de Turqu\u00eda apoyo para las labores de reconstrucci\u00f3n en las zonas afectadas por el terremoto del mes pasado. En su viaje a India, el canciller se reuni\u00f3 con el ministro de exteriores de Turqu\u00eda, Mevlut Cavusoglu, quien le agradeci\u00f3 por el apoyo de M\u00e9xico tras el terremoto. El [&hellip;]<\/p>\n","protected":false},"author":81,"featured_media":251001,"comment_status":"closed","ping_status":"closed","sticky":false,"template":"","format":"standard","meta":{"footnotes":""},"categories":[15,36,31],"tags":[],"class_list":["post-251924","post","type-post","status-publish","format-standard","has-post-thumbnail","hentry","category-destacadas","category-nacion","category-orbe"],"_links":{"self":[{"href":"https:\/\/plazajuarez.mx\/historico\/wp-json\/wp\/v2\/posts\/251924","targetHints":{"allow":["GET"]}}],"collection":[{"href":"https:\/\/plazajuarez.mx\/historico\/wp-json\/wp\/v2\/posts"}],"about":[{"href":"https:\/\/plazajuarez.mx\/historico\/wp-json\/wp\/v2\/types\/post"}],"author":[{"embeddable":true,"href":"https:\/\/plazajuarez.mx\/historico\/wp-json\/wp\/v2\/users\/81"}],"replies":[{"embeddable":true,"href":"https:\/\/plazajuarez.mx\/historico\/wp-json\/wp\/v2\/comments?post=251924"}],"version-history":[{"count":0,"href":"https:\/\/plazajuarez.mx\/historico\/wp-json\/wp\/v2\/posts\/251924\/revisions"}],"wp:featuredmedia":[{"embeddable":true,"href":"https:\/\/plazajuarez.mx\/historico\/wp-json\/wp\/v2\/media\/251001"}],"wp:attachment":[{"href":"https:\/\/plazajuarez.mx\/historico\/wp-json\/wp\/v2\/media?parent=251924"}],"wp:term":[{"taxonomy":"category","embeddable":true,"href":"https:\/\/plazajuarez.mx\/historico\/wp-json\/wp\/v2\/categories?post=251924"},{"taxonomy":"post_tag","embeddable":true,"href":"https:\/\/plazajuarez.mx\/historico\/wp-json\/wp\/v2\/tags?post=251924"}],"curies":[{"name":"wp","href":"https:\/\/api.w.org\/{rel}","templated":true}]}}