{"id":251915,"date":"2023-03-01T11:31:54","date_gmt":"2023-03-01T17:31:54","guid":{"rendered":"https:\/\/plazajuarez.mx\/?p=251915"},"modified":"2023-03-01T11:32:00","modified_gmt":"2023-03-01T17:32:00","slug":"secretaria-de-seguridad-capacita-a-329-policias-en-violencia-de-genero","status":"publish","type":"post","link":"https:\/\/plazajuarez.mx\/historico\/secretaria-de-seguridad-capacita-a-329-policias-en-violencia-de-genero\/","title":{"rendered":"Secretar\u00eda de Seguridad\u00a0capacita a 329 polic\u00edas\u00a0en Violencia de G\u00e9nero"},"content":{"rendered":"\n<p>Bajo el slogan \u201c\u00a1No est\u00e1s sola!\u201d, la Secretar\u00eda de Seguridad P\u00fablica de Hidalgo, dio a conocer que se realiz\u00f3 la impartici\u00f3n de un curso, por lo que en la dependencia ya se cuenta con personal capacitado para atender los diversos delitos en materia de g\u00e9nero que se puedan presentar.<\/p>\n\n\n\n<p>Mediante la expedici\u00f3n de un comunicado, se estableci\u00f3 que en el Instituto de Formaci\u00f3n Profesional, se brind\u00f3 esta importante capacitaci\u00f3n a 329 polic\u00edas, quienes recibieron el curso que englob\u00f3 los temas de mayor actualizaci\u00f3n en Violencia de G\u00e9nero.<\/p>\n\n\n\n<p>Durante la capacitaci\u00f3n de los elementos polic\u00edacos, se impartieron los temas en atenci\u00f3n a mujeres v\u00edctimas de violencia entre los que se cuentan: Perspectiva de G\u00e9nero, Marco Jur\u00eddico, Primeros Auxilios Psicol\u00f3gicos y Protocolos Nacionales e Internacionales.<\/p>\n","protected":false},"excerpt":{"rendered":"<p>Bajo el slogan \u201c\u00a1No est\u00e1s sola!\u201d, la Secretar\u00eda de Seguridad P\u00fablica de Hidalgo, dio a conocer que se realiz\u00f3 la impartici\u00f3n de un curso, por lo que en la dependencia ya se cuenta con personal capacitado para atender los diversos delitos en materia de g\u00e9nero que se puedan presentar. Mediante la expedici\u00f3n de un comunicado, [&hellip;]<\/p>\n","protected":false},"author":93,"featured_media":251918,"comment_status":"closed","ping_status":"closed","sticky":false,"template":"","format":"standard","meta":{"footnotes":""},"categories":[37],"tags":[],"class_list":["post-251915","post","type-post","status-publish","format-standard","has-post-thumbnail","hentry","category-barandilla"],"_links":{"self":[{"href":"https:\/\/plazajuarez.mx\/historico\/wp-json\/wp\/v2\/posts\/251915","targetHints":{"allow":["GET"]}}],"collection":[{"href":"https:\/\/plazajuarez.mx\/historico\/wp-json\/wp\/v2\/posts"}],"about":[{"href":"https:\/\/plazajuarez.mx\/historico\/wp-json\/wp\/v2\/types\/post"}],"author":[{"embeddable":true,"href":"https:\/\/plazajuarez.mx\/historico\/wp-json\/wp\/v2\/users\/93"}],"replies":[{"embeddable":true,"href":"https:\/\/plazajuarez.mx\/historico\/wp-json\/wp\/v2\/comments?post=251915"}],"version-history":[{"count":0,"href":"https:\/\/plazajuarez.mx\/historico\/wp-json\/wp\/v2\/posts\/251915\/revisions"}],"wp:featuredmedia":[{"embeddable":true,"href":"https:\/\/plazajuarez.mx\/historico\/wp-json\/wp\/v2\/media\/251918"}],"wp:attachment":[{"href":"https:\/\/plazajuarez.mx\/historico\/wp-json\/wp\/v2\/media?parent=251915"}],"wp:term":[{"taxonomy":"category","embeddable":true,"href":"https:\/\/plazajuarez.mx\/historico\/wp-json\/wp\/v2\/categories?post=251915"},{"taxonomy":"post_tag","embeddable":true,"href":"https:\/\/plazajuarez.mx\/historico\/wp-json\/wp\/v2\/tags?post=251915"}],"curies":[{"name":"wp","href":"https:\/\/api.w.org\/{rel}","templated":true}]}}