{"id":251107,"date":"2023-02-22T15:25:26","date_gmt":"2023-02-22T21:25:26","guid":{"rendered":"https:\/\/plazajuarez.mx\/?p=251107"},"modified":"2023-02-22T15:25:33","modified_gmt":"2023-02-22T21:25:33","slug":"estados-unidos-sera-el-invitado-en-el-festival-cervantino-51-de-mexico","status":"publish","type":"post","link":"https:\/\/plazajuarez.mx\/historico\/estados-unidos-sera-el-invitado-en-el-festival-cervantino-51-de-mexico\/","title":{"rendered":"Estados Unidos ser\u00e1 el invitado en el Festival Cervantino 51 de M\u00e9xico"},"content":{"rendered":"\n<p>El Festival Cervantino, uno de los eventos culturales m\u00e1s importantes de M\u00e9xico, contar\u00e1 con Estados Unidos como pa\u00eds invitado para su edici\u00f3n n\u00famero 51, que se celebrar\u00e1 del 11 al 29 de octubre en la ciudad de Guanajuato, en la capital del estado con el mismo nombre, en el centro del pa\u00eds.<\/p>\n\n\n\n<p>Adem\u00e1s, el estado invitado ser\u00e1 Sonora, cuyo gobernador, Alfonso Durazo, estuvo presente en el evento, realizado este mi\u00e9rcoles en el emblem\u00e1tico Palacio de Bellas Artes de la Ciudad de M\u00e9xico.<\/p>\n\n\n\n<p>&#8220;Le doy la bienvenida a Estados Unidos y Sonora a la fiesta cultural m\u00e1s grande de Am\u00e9rica Latina&#8221;, dijo Mariana Aymerich, directora del festival y directora general de Promoci\u00f3n y Festivales Culturales.<\/p>\n\n\n\n<p>&#8220;Hay muchas esperanzas e ilusiones puestas en esta edici\u00f3n y con estos maravillosos invitados de honor estoy cierta que cumpliremos las expectativas del p\u00fablico. Ser\u00e1 un encuentro lleno de tradici\u00f3n y origen, de vanguardia y diversidad&#8221;, continu\u00f3 Aymerich.<\/p>\n\n\n\n<p>Durazo, por su parte, celebr\u00f3 que el 50 % de los eventos sean gratuitos y agradeci\u00f3 la invitaci\u00f3n al estado que gobierna y la posibilidad de que vaya a coincidir con Estados Unidos, pa\u00eds con el que colinda Sonora.<\/p>\n\n\n\n<p>Asimismo, defendi\u00f3 la existencia de una cultura fronteriza, &#8220;una cultura migrante&#8221;, dijo.<\/p>\n\n\n\n<p>Ken Salazar, embajador de Estados Unidos en M\u00e9xico, record\u00f3 la visita del presidente Joe Biden a M\u00e9xico en enero y sus palabras, en las que consider\u00f3 que la relaci\u00f3n entre ambos pa\u00edses &#8220;es para siempre&#8221;.<\/p>\n\n\n\n<p>&#8220;Es una oportunidad para adelantar el entendimiento de las dos naciones&#8221;, sentenci\u00f3 Salazar.<\/p>\n\n\n\n<p>Tambi\u00e9n estuvo presente la secretaria de Cultura de M\u00e9xico, Alejandra Frausto, quien dijo que &#8220;la cultura es el camino&#8221; contra la discriminaci\u00f3n y agradeci\u00f3 al gobernador de Guanajuato, Diego Sinuh\u00e9 Rodr\u00edguez -tambi\u00e9n presente-, los esfuerzos invertidos en la cultura y el festival, el mayor de artes esc\u00e9nicas de Iberoam\u00e9rica.<\/p>\n\n\n\n<p>&#8220;No podemos estar fuera del momento que estamos viviendo como naciones hermanas y la apuesta a la cultura es fundamental. Contra la barbarie la cultura es el camino&#8221;, a\u00f1adi\u00f3 Frausto, refiri\u00e9ndose al fen\u00f3meno migratorio creciente que se ha vivido en los \u00faltimos a\u00f1os con la llegada de miles de migrantes a M\u00e9xico y Estados Unidos.<\/p>\n\n\n\n<p>En 2022, cuando se celebr\u00f3 la edici\u00f3n 50 del festival, los invitados fueron Corea del Sur y la Ciudad de M\u00e9xico, junto a quienes se present\u00f3 un calendario de actividades que durante 19 d\u00edas llenaron la ciudad de Guanajuato de diversas disciplinas art\u00edsticas y culturales como danza, m\u00fasica, literatura y teatro, entre otros.<\/p>\n\n\n\n<p>Empezando con la presencia de soprano mexicana Mar\u00eda Katzarava y la surcoreana, Hyesang Park en la inauguraci\u00f3n oficial, y a lo largo del evento con artistas como Joan Manuel Serrat de Espa\u00f1a, Lila Downs de M\u00e9xico, Mademoiselle de Argelia y Francia, la Jazz Lincoln Center Orcherstra con Wynton Marsalis, entre otros.<\/p>\n","protected":false},"excerpt":{"rendered":"<p>El Festival Cervantino, uno de los eventos culturales m\u00e1s importantes de M\u00e9xico, contar\u00e1 con Estados Unidos como pa\u00eds invitado para su edici\u00f3n n\u00famero 51, que se celebrar\u00e1 del 11 al 29 de octubre en la ciudad de Guanajuato, en la capital del estado con el mismo nombre, en el centro del pa\u00eds. Adem\u00e1s, el estado [&hellip;]<\/p>\n","protected":false},"author":80,"featured_media":251108,"comment_status":"closed","ping_status":"closed","sticky":false,"template":"","format":"standard","meta":{"footnotes":""},"categories":[41,15,36],"tags":[],"class_list":["post-251107","post","type-post","status-publish","format-standard","has-post-thumbnail","hentry","category-arteria-cultural","category-destacadas","category-nacion"],"_links":{"self":[{"href":"https:\/\/plazajuarez.mx\/historico\/wp-json\/wp\/v2\/posts\/251107","targetHints":{"allow":["GET"]}}],"collection":[{"href":"https:\/\/plazajuarez.mx\/historico\/wp-json\/wp\/v2\/posts"}],"about":[{"href":"https:\/\/plazajuarez.mx\/historico\/wp-json\/wp\/v2\/types\/post"}],"author":[{"embeddable":true,"href":"https:\/\/plazajuarez.mx\/historico\/wp-json\/wp\/v2\/users\/80"}],"replies":[{"embeddable":true,"href":"https:\/\/plazajuarez.mx\/historico\/wp-json\/wp\/v2\/comments?post=251107"}],"version-history":[{"count":0,"href":"https:\/\/plazajuarez.mx\/historico\/wp-json\/wp\/v2\/posts\/251107\/revisions"}],"wp:featuredmedia":[{"embeddable":true,"href":"https:\/\/plazajuarez.mx\/historico\/wp-json\/wp\/v2\/media\/251108"}],"wp:attachment":[{"href":"https:\/\/plazajuarez.mx\/historico\/wp-json\/wp\/v2\/media?parent=251107"}],"wp:term":[{"taxonomy":"category","embeddable":true,"href":"https:\/\/plazajuarez.mx\/historico\/wp-json\/wp\/v2\/categories?post=251107"},{"taxonomy":"post_tag","embeddable":true,"href":"https:\/\/plazajuarez.mx\/historico\/wp-json\/wp\/v2\/tags?post=251107"}],"curies":[{"name":"wp","href":"https:\/\/api.w.org\/{rel}","templated":true}]}}