{"id":251102,"date":"2023-02-22T14:33:32","date_gmt":"2023-02-22T20:33:32","guid":{"rendered":"https:\/\/plazajuarez.mx\/?p=251102"},"modified":"2023-02-22T14:33:38","modified_gmt":"2023-02-22T20:33:38","slug":"defensa-de-ministra-presenta-pruebas-documentales-y-cientificas","status":"publish","type":"post","link":"https:\/\/plazajuarez.mx\/historico\/defensa-de-ministra-presenta-pruebas-documentales-y-cientificas\/","title":{"rendered":"Defensa de ministra presenta pruebas &#8220;documentales&#8221; y &#8220;cient\u00edficas&#8221;"},"content":{"rendered":"\n<p>Alejandro Romano Rasc\u00f3n, representante de la ministra Yasm\u00edn Esquivel Mossa ante el Comit\u00e9 Universitario de \u00c9tica de la Universidad Nacional Aut\u00f3noma de M\u00e9xico (UNAM), dijo que de ser analizadas las pruebas ante el presunto plagio de tesis, &#8220;el veredicto ser\u00e1 que la tesis de hace 37 a\u00f1os con la que la ministra de la SCJN se titul\u00f3 como Licenciada en Derecho, es de su autor\u00eda&#8221;.<br><br>Romano Rasc\u00f3n sostuvo que las pruebas &#8220;documentales&#8221; y &#8220;cient\u00edficas&#8221; presentadas resultan contundentes.<br><br>Detall\u00f3 que las pruebas consisten en elementos documentales como las confesiones, tanto de la asesora de tesis, Martha Rodr\u00edguez; quien reconoci\u00f3 haber compartido el proyecto de la ministra de la Corte a otros alumnos, como la de Edgar B\u00e1ez, quien admiti\u00f3 haber tomado ideas del trabajo de la entonces alumna Esquivel Mossa.<br><br>Mencion\u00f3 tambi\u00e9n que el c\u00famulo de pruebas presentadas incluye dict\u00e1menes periciales en materia de documentoscop\u00eda, grafoscop\u00eda y ling\u00fc\u00edstica de distintos documentos, como elementos cient\u00edficos que demuestran la autor\u00eda de Yasm\u00edn Esquivel de su tesis de licenciatura.<br><br>Reiter\u00f3 que las autoridades universitarias, como la FES Arag\u00f3n y el rector Enrique Graue, &#8220;prejuzgaron y despu\u00e9s iniciaron el procedimiento de an\u00e1lisis; cuando debi\u00f3 ser al rev\u00e9s&#8221;.<br>Alejandro Romano subray\u00f3 que la resoluci\u00f3n depender\u00e1 del amparo interpuesto.<\/p>\n","protected":false},"excerpt":{"rendered":"<p>Alejandro Romano Rasc\u00f3n, representante de la ministra Yasm\u00edn Esquivel Mossa ante el Comit\u00e9 Universitario de \u00c9tica de la Universidad Nacional Aut\u00f3noma de M\u00e9xico (UNAM), dijo que de ser analizadas las pruebas ante el presunto plagio de tesis, &#8220;el veredicto ser\u00e1 que la tesis de hace 37 a\u00f1os con la que la ministra de la SCJN [&hellip;]<\/p>\n","protected":false},"author":81,"featured_media":247308,"comment_status":"closed","ping_status":"closed","sticky":false,"template":"","format":"standard","meta":{"footnotes":""},"categories":[15,36],"tags":[],"class_list":["post-251102","post","type-post","status-publish","format-standard","has-post-thumbnail","hentry","category-destacadas","category-nacion"],"_links":{"self":[{"href":"https:\/\/plazajuarez.mx\/historico\/wp-json\/wp\/v2\/posts\/251102","targetHints":{"allow":["GET"]}}],"collection":[{"href":"https:\/\/plazajuarez.mx\/historico\/wp-json\/wp\/v2\/posts"}],"about":[{"href":"https:\/\/plazajuarez.mx\/historico\/wp-json\/wp\/v2\/types\/post"}],"author":[{"embeddable":true,"href":"https:\/\/plazajuarez.mx\/historico\/wp-json\/wp\/v2\/users\/81"}],"replies":[{"embeddable":true,"href":"https:\/\/plazajuarez.mx\/historico\/wp-json\/wp\/v2\/comments?post=251102"}],"version-history":[{"count":0,"href":"https:\/\/plazajuarez.mx\/historico\/wp-json\/wp\/v2\/posts\/251102\/revisions"}],"wp:featuredmedia":[{"embeddable":true,"href":"https:\/\/plazajuarez.mx\/historico\/wp-json\/wp\/v2\/media\/247308"}],"wp:attachment":[{"href":"https:\/\/plazajuarez.mx\/historico\/wp-json\/wp\/v2\/media?parent=251102"}],"wp:term":[{"taxonomy":"category","embeddable":true,"href":"https:\/\/plazajuarez.mx\/historico\/wp-json\/wp\/v2\/categories?post=251102"},{"taxonomy":"post_tag","embeddable":true,"href":"https:\/\/plazajuarez.mx\/historico\/wp-json\/wp\/v2\/tags?post=251102"}],"curies":[{"name":"wp","href":"https:\/\/api.w.org\/{rel}","templated":true}]}}