{"id":251084,"date":"2023-02-22T12:46:22","date_gmt":"2023-02-22T18:46:22","guid":{"rendered":"https:\/\/plazajuarez.mx\/?p=251084"},"modified":"2023-02-22T12:50:46","modified_gmt":"2023-02-22T18:50:46","slug":"medio-metro-anuncia-marca-de-ropa-tras-registro-de-nombre","status":"publish","type":"post","link":"https:\/\/plazajuarez.mx\/historico\/medio-metro-anuncia-marca-de-ropa-tras-registro-de-nombre\/","title":{"rendered":"&#8220;Medio Metro&#8221; anuncia marca de ropa tras registro de nombre"},"content":{"rendered":"\n<p>Jos\u00e9 Eduardo Rodr\u00edguez, mejor conocido como &#8220;Medio Metro&#8221; anunci\u00f3 que lanzar\u00e1 su marca de ropa, luego de que dio a conocer que, de manera oficial, registr\u00f3 su nombre art\u00edstico ante el Instituto Nacional del Derecho de Autor (INDAUTOR), por lo que nadie podr\u00e1 hacer uso de su apodo.<br><br>Por medio de un live de Facebook, el exintegrante de &#8220;Sonido Pirata&#8221; indic\u00f3 que en sus cuentas de redes sociales ya no tendr\u00e1 la palabra &#8220;oficial&#8221;, solo &#8220;Medio Metro&#8221;.<br><br>&#8220;Me siento s\u00faper contento porque ya vamos a sacar la marca de ropa de Medio Metro oficial, ya no va a ser Medio Metro oficial, ya solo ser\u00e1 Medio Metro, ya todo va a ser as\u00ed, porque yo soy el original de Le\u00f3n, Guanajuato, porque papelito habla&#8221;.<br><br>&#8220;El registro del nombre solo lo hice para tener un respaldo&#8221;, sentenci\u00f3.<\/p>\n\n\n\n<blockquote class=\"tiktok-embed\" cite=\"https:\/\/www.tiktok.com\/@red365noticiasmx\/video\/7187987113101544709\" data-video-id=\"7187987113101544709\" style=\"max-width: 605px;min-width: 325px;\" > <section> <a target=\"_blank\" title=\"@red365noticiasmx\" href=\"https:\/\/www.tiktok.com\/@red365noticiasmx?refer=embed\" rel=\"noopener\">@red365noticiasmx<\/a> <a title=\"mediometro\" target=\"_blank\" href=\"https:\/\/www.tiktok.com\/tag\/mediometro?refer=embed\" rel=\"noopener\">#mediometro<\/a> <a title=\"elmediometro\" target=\"_blank\" href=\"https:\/\/www.tiktok.com\/tag\/elmediometro?refer=embed\" rel=\"noopener\">#elmediometro<\/a> <a title=\"mexico\" target=\"_blank\" href=\"https:\/\/www.tiktok.com\/tag\/mexico?refer=embed\" rel=\"noopener\">#mexico<\/a> <a title=\"viral\" target=\"_blank\" href=\"https:\/\/www.tiktok.com\/tag\/viral?refer=embed\" rel=\"noopener\">#viral<\/a> <a title=\"humor\" target=\"_blank\" href=\"https:\/\/www.tiktok.com\/tag\/humor?refer=embed\" rel=\"noopener\">#humor<\/a> <a title=\"red365noticias\" target=\"_blank\" href=\"https:\/\/www.tiktok.com\/tag\/red365noticias?refer=embed\" rel=\"noopener\">#red365noticias<\/a> <a target=\"_blank\" title=\"\u266c sonido original - Red365Noticiasmx\" href=\"https:\/\/www.tiktok.com\/music\/sonido-original-7187987119537261318?refer=embed\" rel=\"noopener\">\u266c sonido original &#8211; Red365Noticiasmx<\/a> <\/section> <\/blockquote> <script async src=\"https:\/\/www.tiktok.com\/embed.js\"><\/script>\n\n\n\n<p><br><strong>\u00bfYa no se podr\u00e1 utilizar el nombre de &#8220;Medio Metro&#8221;?<\/strong><br><strong><br><\/strong>Las apariciones del nuevo Medio Metro habr\u00edan desatado la ir\u00e1 en el personaje principal. Y es que, recientemente, Jonathan Uriel ha tenido colaboraciones con celebridades y artistas de renombre, como Eduin Caz de Grupo Firme, y tambi\u00e9n una intervenci\u00f3n en el programa &#8220;Venga la Alegr\u00eda&#8221; de TV Azteca.<br>Por lo anterior, Jos\u00e9 Eduardo Rodr\u00edguez decidi\u00f3 poner un ultim\u00e1tum a sus imitadores y tom\u00f3 acciones legales.<br><br>A trav\u00e9s de Twitter, el Medio Metro original emiti\u00f3 un comunicado, donde se\u00f1al\u00f3 a sus m\u00e1s de nueve mil seguidores que hab\u00eda logrado obtener los derechos de autor de su apodo.<br><br>&#8220;Amigos, amigas, seguidores y p\u00fablico en general, el d\u00eda de hoy quiero hacerles saber que su servidor Jos\u00e9 Eduardo &#8221; Medio Metro &#8221; soy la \u00fanica persona que cuenta con la RESERVA DE DERECHOS de el personaje art\u00edstico MEDIO METRO&#8221;, inform\u00f3 a sus admiradores.<br><br>El popular personaje invit\u00f3 a las personas que est\u00e9n haciendo uso del nombre del &#8220;Medio Metro&#8221; a una conciliaci\u00f3n con su equipo legal. Todo ello con el prop\u00f3sito de evitar que sigan produciendo confusiones en la gente sobre qui\u00e9n es el original.<br><\/p>\n\n\n\n<blockquote class=\"tiktok-embed\" cite=\"https:\/\/www.tiktok.com\/@molotovoficial\/video\/7200946351109197062\" data-video-id=\"7200946351109197062\" style=\"max-width: 605px;min-width: 325px;\" > <section> <a target=\"_blank\" title=\"@molotovoficial\" href=\"https:\/\/www.tiktok.com\/@molotovoficial?refer=embed\" rel=\"noopener\">@molotovoficial<\/a> <p>Aaaah Medio Metro! <\/p> <a target=\"_blank\" title=\"\u266c sonido original - Molotov\" href=\"https:\/\/www.tiktok.com\/music\/sonido-original-7200946397114616581?refer=embed\" rel=\"noopener\">\u266c sonido original &#8211; Molotov<\/a> <\/section> <\/blockquote> <script async src=\"https:\/\/www.tiktok.com\/embed.js\"><\/script>\n\n\n\n<p><br><strong>\u00bfQu\u00e9 pasar\u00e1 con Jonathan Ulises, el nuevo Medio Metro?<br><\/strong><br>Con la obtenci\u00f3n de la propiedad intelectual, Jonathan Uriel, el reemplazo del Medio Metro, podr\u00eda verse afectado, ya que esto supone que nadie puede comercializar, ni sacar provecho bajo el apodo del personaje. <br><br>De lo contrario, se podr\u00edan interponer demandas y desencadenar una batalla legal.<br>Para el caso de Sonido Pirata, la agrupaci\u00f3n tendr\u00e1 prohibido presentar a Jonathan Uriel como nuevo Medio Metro. No obstante, hasta el momento no han emitido alguna respuesta.<\/p>\n","protected":false},"excerpt":{"rendered":"<p>Jos\u00e9 Eduardo Rodr\u00edguez, mejor conocido como &#8220;Medio Metro&#8221; anunci\u00f3 que lanzar\u00e1 su marca de ropa, luego de que dio a conocer que, de manera oficial, registr\u00f3 su nombre art\u00edstico ante el Instituto Nacional del Derecho de Autor (INDAUTOR), por lo que nadie podr\u00e1 hacer uso de su apodo. Por medio de un live de Facebook, [&hellip;]<\/p>\n","protected":false},"author":81,"featured_media":251085,"comment_status":"closed","ping_status":"closed","sticky":false,"template":"","format":"standard","meta":{"footnotes":""},"categories":[38],"tags":[],"class_list":["post-251084","post","type-post","status-publish","format-standard","has-post-thumbnail","hentry","category-show"],"_links":{"self":[{"href":"https:\/\/plazajuarez.mx\/historico\/wp-json\/wp\/v2\/posts\/251084","targetHints":{"allow":["GET"]}}],"collection":[{"href":"https:\/\/plazajuarez.mx\/historico\/wp-json\/wp\/v2\/posts"}],"about":[{"href":"https:\/\/plazajuarez.mx\/historico\/wp-json\/wp\/v2\/types\/post"}],"author":[{"embeddable":true,"href":"https:\/\/plazajuarez.mx\/historico\/wp-json\/wp\/v2\/users\/81"}],"replies":[{"embeddable":true,"href":"https:\/\/plazajuarez.mx\/historico\/wp-json\/wp\/v2\/comments?post=251084"}],"version-history":[{"count":0,"href":"https:\/\/plazajuarez.mx\/historico\/wp-json\/wp\/v2\/posts\/251084\/revisions"}],"wp:featuredmedia":[{"embeddable":true,"href":"https:\/\/plazajuarez.mx\/historico\/wp-json\/wp\/v2\/media\/251085"}],"wp:attachment":[{"href":"https:\/\/plazajuarez.mx\/historico\/wp-json\/wp\/v2\/media?parent=251084"}],"wp:term":[{"taxonomy":"category","embeddable":true,"href":"https:\/\/plazajuarez.mx\/historico\/wp-json\/wp\/v2\/categories?post=251084"},{"taxonomy":"post_tag","embeddable":true,"href":"https:\/\/plazajuarez.mx\/historico\/wp-json\/wp\/v2\/tags?post=251084"}],"curies":[{"name":"wp","href":"https:\/\/api.w.org\/{rel}","templated":true}]}}