{"id":251080,"date":"2023-02-22T12:42:40","date_gmt":"2023-02-22T18:42:40","guid":{"rendered":"https:\/\/plazajuarez.mx\/?p=251080"},"modified":"2023-02-22T12:42:46","modified_gmt":"2023-02-22T18:42:46","slug":"juicio-garcia-luna","status":"publish","type":"post","link":"https:\/\/plazajuarez.mx\/historico\/juicio-garcia-luna\/","title":{"rendered":"Juicio a Garc\u00eda Luna &#8220;ayuda&#8221; contra corrupci\u00f3n pero no basta"},"content":{"rendered":"\n<p>El presidente de M\u00e9xico, Andr\u00e9s Manuel L\u00f3pez Obrador, dijo este mi\u00e9rcoles que la declaraci\u00f3n de culpabilidad en Estados Unidos del exsecretario de Seguridad P\u00fablica de 2006 a 2012, Genaro Garc\u00eda Luna, &#8220;ayuda a limpiar la corrupci\u00f3n&#8221; en el pa\u00eds, aunque &#8220;apenas es el inicio&#8221;.<\/p>\n\n\n\n<p>&#8220;(El juicio) ayuda a seguir limpiando la corrupci\u00f3n en M\u00e9xico. Desde luego falta m\u00e1s, esto es apenas el inicio, es una buena contribuci\u00f3n, pero podr\u00eda ser mayor el aporte&#8221;, asegur\u00f3 en su rueda de prensa diaria.<\/p>\n\n\n\n<p>Garc\u00eda Luna, quien fue la mano derecha del expresidente Felipe Calder\u00f3n (2006-2012) y l\u00edder de la conocida como &#8220;guerra contra el narco&#8221;, fue encontrado culpable el pasado martes de cinco delitos en una corte estadounidense, cuatro de ellos de narcotr\u00e1fico, por lo que se enfrenta a una posible cadena perpetua.<\/p>\n\n\n\n<p>&#8220;Lo que debe quedarnos como ense\u00f1anza es que nunca m\u00e1s se deben repetir estos hechos. La no repetici\u00f3n de la actuaci\u00f3n de gobiernos y funcionarios corruptos, el que no se vuelva a permitir la impunidad. Que podamos desterrar la corrupci\u00f3n&#8221;, insisti\u00f3 el mandatario.<\/p>\n\n\n\n<p>El presidente mexicano asever\u00f3 que el juicio a Garc\u00eda Luna exhibe la &#8220;decadencia&#8221; que imperaba en los gobiernos anteriores.<\/p>\n\n\n\n<p>Adem\u00e1s, indic\u00f3 que la corrupci\u00f3n &#8220;es el principal problema de M\u00e9xico&#8221; y que el caso del exsecretario es &#8220;el meollo del asunto&#8221;, por lo que es pertinente &#8220;profundizar&#8221; en \u00e9l.<\/p>\n\n\n\n<p>&#8220;Ya hemos visto lo de Garc\u00eda Luna, as\u00ed es en muchos casos\u201d, alert\u00f3.<\/p>\n\n\n\n<p>Por ello, L\u00f3pez Obrador abri\u00f3 la puerta a que Garc\u00eda Luna, una vez encontrado culpable, contribuya &#8220;entregando m\u00e1s informaci\u00f3n que ayude a seguir combatiendo el narcotr\u00e1fico y sobre todo la asociaci\u00f3n delictuosa entre autoridades y delincuentes&#8221;.<\/p>\n\n\n\n<p>&#8220;Eso ser\u00eda muy bueno, independientemente si le aminoran los a\u00f1os en prisi\u00f3n. Imag\u00ednense lo que ayudar\u00eda, porque significar\u00eda que nunca m\u00e1s se volver\u00eda a caer en esta relaci\u00f3n de complicidad, este contubernio que tanto da\u00f1o le ha hecho al pa\u00eds&#8221;, expuso.<\/p>\n\n\n\n<p>A\u00fan as\u00ed, preguntado sobre si M\u00e9xico solicitar\u00eda la extradici\u00f3n de Garc\u00eda Luna, pidi\u00f3 esperar aunque en el pa\u00eds &#8220;s\u00ed hay denuncias&#8221;.<\/p>\n\n\n\n<p>Tras cerca de un mes de juicio, en el que varios narcotraficantes mexicanos se\u00f1alaron, en calidad de testigos, sus v\u00ednculos con el crimen organizado, los doce miembros del jurado popular declararon culpable a Garc\u00eda Luna de los cinco delitos que se le imputaban.<\/p>\n\n\n\n<p>Estos son la direcci\u00f3n de una empresa criminal cuya actividad contin\u00faa hasta la actualidad; conspiraci\u00f3n para la distribuci\u00f3n de 5 kilogramos o m\u00e1s de coca\u00edna; conspiraci\u00f3n para la distribuci\u00f3n y posesi\u00f3n de 5 kilogramos o m\u00e1s de coca\u00edna con la intenci\u00f3n de distribuirla en Estados Unidos y conspiraci\u00f3n para la importaci\u00f3n de la misma cantidad o m\u00e1s.<\/p>\n\n\n\n<p>Tambi\u00e9n por prestar falso testimonio a las autoridades estadounidenses cuando solicit\u00f3 la nacionalidad.<\/p>\n\n\n\n<p>El juez Brian Cogan, quien ya conden\u00f3 al capo Joaqu\u00edn &#8220;El Chapo&#8221; Guzm\u00e1n a cadena perpetua, dictar\u00e1 sentencia el pr\u00f3ximo 27 de junio.<\/p>\n","protected":false},"excerpt":{"rendered":"<p>El presidente de M\u00e9xico, Andr\u00e9s Manuel L\u00f3pez Obrador, dijo este mi\u00e9rcoles que la declaraci\u00f3n de culpabilidad en Estados Unidos del exsecretario de Seguridad P\u00fablica de 2006 a 2012, Genaro Garc\u00eda Luna, &#8220;ayuda a limpiar la corrupci\u00f3n&#8221; en el pa\u00eds, aunque &#8220;apenas es el inicio&#8221;. &#8220;(El juicio) ayuda a seguir limpiando la corrupci\u00f3n en M\u00e9xico. Desde [&hellip;]<\/p>\n","protected":false},"author":80,"featured_media":251081,"comment_status":"closed","ping_status":"closed","sticky":false,"template":"","format":"standard","meta":{"footnotes":""},"categories":[15,36],"tags":[],"class_list":["post-251080","post","type-post","status-publish","format-standard","has-post-thumbnail","hentry","category-destacadas","category-nacion"],"_links":{"self":[{"href":"https:\/\/plazajuarez.mx\/historico\/wp-json\/wp\/v2\/posts\/251080","targetHints":{"allow":["GET"]}}],"collection":[{"href":"https:\/\/plazajuarez.mx\/historico\/wp-json\/wp\/v2\/posts"}],"about":[{"href":"https:\/\/plazajuarez.mx\/historico\/wp-json\/wp\/v2\/types\/post"}],"author":[{"embeddable":true,"href":"https:\/\/plazajuarez.mx\/historico\/wp-json\/wp\/v2\/users\/80"}],"replies":[{"embeddable":true,"href":"https:\/\/plazajuarez.mx\/historico\/wp-json\/wp\/v2\/comments?post=251080"}],"version-history":[{"count":0,"href":"https:\/\/plazajuarez.mx\/historico\/wp-json\/wp\/v2\/posts\/251080\/revisions"}],"wp:featuredmedia":[{"embeddable":true,"href":"https:\/\/plazajuarez.mx\/historico\/wp-json\/wp\/v2\/media\/251081"}],"wp:attachment":[{"href":"https:\/\/plazajuarez.mx\/historico\/wp-json\/wp\/v2\/media?parent=251080"}],"wp:term":[{"taxonomy":"category","embeddable":true,"href":"https:\/\/plazajuarez.mx\/historico\/wp-json\/wp\/v2\/categories?post=251080"},{"taxonomy":"post_tag","embeddable":true,"href":"https:\/\/plazajuarez.mx\/historico\/wp-json\/wp\/v2\/tags?post=251080"}],"curies":[{"name":"wp","href":"https:\/\/api.w.org\/{rel}","templated":true}]}}