{"id":250750,"date":"2023-02-18T21:52:12","date_gmt":"2023-02-19T03:52:12","guid":{"rendered":"https:\/\/plazajuarez.mx\/?p=250750"},"modified":"2023-02-18T21:52:18","modified_gmt":"2023-02-19T03:52:18","slug":"peru-acusa-a-lopez-obrador-de-apartarse-de-principios-de-alianza-del-pacifico","status":"publish","type":"post","link":"https:\/\/plazajuarez.mx\/historico\/peru-acusa-a-lopez-obrador-de-apartarse-de-principios-de-alianza-del-pacifico\/","title":{"rendered":"Per\u00fa acusa a L\u00f3pez Obrador de apartarse de principios de Alianza del Pac\u00edfico"},"content":{"rendered":"\n<p>El Gobierno peruano afirm\u00f3 el pasado s\u00e1bado que la Alianza del Pac\u00edfico &#8220;no se debe politizar&#8221; y acus\u00f3 al presidente de M\u00e9xico, Andr\u00e9s Manuel L\u00f3pez Obrador, de apartarse de los principios del bloque, al negarse a entregar su presidencia pro tempore (PPT) a Per\u00fa, tal y como le corresponde, por considerar que el Gobierno de Dina Boluarte es &#8220;espurio&#8221;.&nbsp;&nbsp;<\/p>\n\n\n\n<p>La Canciller\u00eda peruana remarc\u00f3, en un comunicado, que L\u00f3pez Obrador &#8220;se niega a cumplir con la obligaci\u00f3n que vincula a su Estado de transferir la PPT al Per\u00fa, porque ha decidido apoyar el golpe de Estado del entonces presidente Pedro Castillo, transmitido en vivo en su mensaje a la naci\u00f3n del 7 de diciembre de 2022&#8221;.&nbsp;<\/p>\n\n\n\n<p>A\u00f1adi\u00f3 que &#8220;subsecuentemente cuestiona el proceso constitucional que condujo a la toma de posesi\u00f3n de la presidenta de la rep\u00fablica, se\u00f1ora Dina Boluarte&#8221;.&nbsp;&nbsp;<\/p>\n\n\n\n<p>&#8220;Con ello, el presidente Andr\u00e9s Manuel L\u00f3pez Obrador se aparta de los principios contenidos en el Acuerdo Marco referidos a la democracia y el Estado de derecho y ha politizado a la Alianza del Pac\u00edfico, con el \u00fanico fin de debilitarla&#8221;, enfatiz\u00f3.<\/p>\n","protected":false},"excerpt":{"rendered":"<p>El Gobierno peruano afirm\u00f3 el pasado s\u00e1bado que la Alianza del Pac\u00edfico &#8220;no se debe politizar&#8221; y acus\u00f3 al presidente de M\u00e9xico, Andr\u00e9s Manuel L\u00f3pez Obrador, de apartarse de los principios del bloque, al negarse a entregar su presidencia pro tempore (PPT) a Per\u00fa, tal y como le corresponde, por considerar que el Gobierno de [&hellip;]<\/p>\n","protected":false},"author":80,"featured_media":250751,"comment_status":"closed","ping_status":"closed","sticky":false,"template":"","format":"standard","meta":{"footnotes":""},"categories":[31],"tags":[],"class_list":["post-250750","post","type-post","status-publish","format-standard","has-post-thumbnail","hentry","category-orbe"],"_links":{"self":[{"href":"https:\/\/plazajuarez.mx\/historico\/wp-json\/wp\/v2\/posts\/250750","targetHints":{"allow":["GET"]}}],"collection":[{"href":"https:\/\/plazajuarez.mx\/historico\/wp-json\/wp\/v2\/posts"}],"about":[{"href":"https:\/\/plazajuarez.mx\/historico\/wp-json\/wp\/v2\/types\/post"}],"author":[{"embeddable":true,"href":"https:\/\/plazajuarez.mx\/historico\/wp-json\/wp\/v2\/users\/80"}],"replies":[{"embeddable":true,"href":"https:\/\/plazajuarez.mx\/historico\/wp-json\/wp\/v2\/comments?post=250750"}],"version-history":[{"count":0,"href":"https:\/\/plazajuarez.mx\/historico\/wp-json\/wp\/v2\/posts\/250750\/revisions"}],"wp:featuredmedia":[{"embeddable":true,"href":"https:\/\/plazajuarez.mx\/historico\/wp-json\/wp\/v2\/media\/250751"}],"wp:attachment":[{"href":"https:\/\/plazajuarez.mx\/historico\/wp-json\/wp\/v2\/media?parent=250750"}],"wp:term":[{"taxonomy":"category","embeddable":true,"href":"https:\/\/plazajuarez.mx\/historico\/wp-json\/wp\/v2\/categories?post=250750"},{"taxonomy":"post_tag","embeddable":true,"href":"https:\/\/plazajuarez.mx\/historico\/wp-json\/wp\/v2\/tags?post=250750"}],"curies":[{"name":"wp","href":"https:\/\/api.w.org\/{rel}","templated":true}]}}