{"id":250675,"date":"2023-02-19T05:00:00","date_gmt":"2023-02-19T11:00:00","guid":{"rendered":"https:\/\/plazajuarez.mx\/?p=250675"},"modified":"2023-02-18T21:23:28","modified_gmt":"2023-02-19T03:23:28","slug":"un-dia-mas","status":"publish","type":"post","link":"https:\/\/plazajuarez.mx\/historico\/un-dia-mas\/","title":{"rendered":"Un d\u00eda m\u00e1s\u00a0"},"content":{"rendered":"\n<h2 class=\"wp-block-heading\"><strong>PEDAZOS DE VIDA<\/strong><\/h2>\n\n\n\n<p>El d\u00eda comenz\u00f3 soleado, pero conforme pasaron las horas el clima se descompuso y al medio d\u00eda la lluvia azot\u00f3 la ciudad. Como era de esperarse, Jan no tra\u00eda paraguas, el fr\u00edo que provocaba el agua al caer sobre su cuerpo ya lo hab\u00eda vivido antes, as\u00ed que no hab\u00eda nada nuevo de esa experiencia, por lo que sigui\u00f3 caminando empapado por el agua de lluvia.<\/p>\n\n\n\n<p>Mojado de pies a cabeza lleg\u00f3 a casa y se alist\u00f3 para tomar una ducha, el agua se acab\u00f3 cuando todav\u00eda no comenzaba a enjabonarse, as\u00ed que tom\u00f3 la toalla, se sec\u00f3, se puso la ropa interior y se cobij\u00f3. Intent\u00f3 encender la televisi\u00f3n pero la tormenta el\u00e9ctrica hab\u00eda provocado un desastre en m\u00e1s de uno de sus aparatos&nbsp; electrodom\u00e9sticos.&nbsp;<\/p>\n\n\n\n<p>Sin m\u00e1s remedio, puso m\u00fasica. Su ropa tirada en el ba\u00f1o segu\u00eda derramando agua de lluvia, mientras sus recuerdos se escurr\u00edan en la mente. Cerr\u00f3 los ojos para abrirlos de nuevo. La adrenalina que todav\u00eda gobernaba el momento no le permit\u00eda dormir, as\u00ed que intent\u00f3 calmarse. Descalzo, camin\u00f3 hacia la cocina para buscar algo para beber, pero la cerveza, el refresco y el jugo no fueron suficientes.<\/p>\n\n\n\n<p>Luego, a la sed se sumaron las n\u00e1useas, y la mezcla de todas las bebidas pasaron de la boca al escusado, no era la primera vez que ocurr\u00eda esto, desde que le hab\u00edan diagnosticado la enfermedad se hab\u00eda quedado sin alma, sin embargo su cuerpo no se hab\u00eda enterado e intentaba en su naturaleza humana continuar su existencia.&nbsp;<\/p>\n\n\n\n<p>Fue su cuarto crimen, es decir, la cuarta vez que sent\u00eda todo eso a lo que lentamente se hac\u00eda adicto, pronto vendr\u00eda el baj\u00f3n an\u00edmico, y podr\u00eda dormir toda la tarde y toda la noche, para despertar por la ma\u00f1ana, alistarse para encabezar la ceremonia y enterarse, despu\u00e9s de la misa, de que en el pueblo otro hombre hab\u00eda sido asesinado, \u00bfqui\u00e9n iba a sospechar del padrecito Jan?<\/p>\n","protected":false},"excerpt":{"rendered":"<p>PEDAZOS DE VIDA El d\u00eda comenz\u00f3 soleado, pero conforme pasaron las horas el clima se descompuso y al medio d\u00eda la lluvia azot\u00f3 la ciudad. Como era de esperarse, Jan no tra\u00eda paraguas, el fr\u00edo que provocaba el agua al caer sobre su cuerpo ya lo hab\u00eda vivido antes, as\u00ed que no hab\u00eda nada nuevo [&hellip;]<\/p>\n","protected":false},"author":72,"featured_media":250677,"comment_status":"closed","ping_status":"closed","sticky":false,"template":"","format":"standard","meta":{"footnotes":""},"categories":[85],"tags":[],"class_list":["post-250675","post","type-post","status-publish","format-standard","has-post-thumbnail","hentry","category-relatos"],"_links":{"self":[{"href":"https:\/\/plazajuarez.mx\/historico\/wp-json\/wp\/v2\/posts\/250675","targetHints":{"allow":["GET"]}}],"collection":[{"href":"https:\/\/plazajuarez.mx\/historico\/wp-json\/wp\/v2\/posts"}],"about":[{"href":"https:\/\/plazajuarez.mx\/historico\/wp-json\/wp\/v2\/types\/post"}],"author":[{"embeddable":true,"href":"https:\/\/plazajuarez.mx\/historico\/wp-json\/wp\/v2\/users\/72"}],"replies":[{"embeddable":true,"href":"https:\/\/plazajuarez.mx\/historico\/wp-json\/wp\/v2\/comments?post=250675"}],"version-history":[{"count":0,"href":"https:\/\/plazajuarez.mx\/historico\/wp-json\/wp\/v2\/posts\/250675\/revisions"}],"wp:featuredmedia":[{"embeddable":true,"href":"https:\/\/plazajuarez.mx\/historico\/wp-json\/wp\/v2\/media\/250677"}],"wp:attachment":[{"href":"https:\/\/plazajuarez.mx\/historico\/wp-json\/wp\/v2\/media?parent=250675"}],"wp:term":[{"taxonomy":"category","embeddable":true,"href":"https:\/\/plazajuarez.mx\/historico\/wp-json\/wp\/v2\/categories?post=250675"},{"taxonomy":"post_tag","embeddable":true,"href":"https:\/\/plazajuarez.mx\/historico\/wp-json\/wp\/v2\/tags?post=250675"}],"curies":[{"name":"wp","href":"https:\/\/api.w.org\/{rel}","templated":true}]}}