{"id":250663,"date":"2023-02-18T17:06:53","date_gmt":"2023-02-18T23:06:53","guid":{"rendered":"https:\/\/plazajuarez.mx\/?p=250663"},"modified":"2023-02-18T17:06:59","modified_gmt":"2023-02-18T23:06:59","slug":"propone-alito-moreno-gran-frente-politico-opositor-para-el-2024","status":"publish","type":"post","link":"https:\/\/plazajuarez.mx\/historico\/propone-alito-moreno-gran-frente-politico-opositor-para-el-2024\/","title":{"rendered":"Propone &#8220;Alito&#8221; Moreno gran frente pol\u00edtico opositor para el 2024"},"content":{"rendered":"\n<p>Alejandro Moreno, dirigente nacional del PRI, dijo que de cara al 2024, lo m\u00e1s importante es pensar en M\u00e9xico y abrir una coalici\u00f3n amplia, a todos los partidos pol\u00edticos de oposici\u00f3n, para construir un gran frente pol\u00edtico con los ciudadanos y llegar en las mejores condiciones de competencia, para ganar.<br><br>Se\u00f1al\u00f3 que hay que tener presente que la corrupci\u00f3n y la impunidad son algo que lastima a la gente, y por eso en el partido &#8220;siempre estaremos por que se aplique la ley y se haga justicia&#8221;. De los casos del pasado, dijo, &#8220;esos ya se atendieron y en ellos el PRI ha marcado una l\u00ednea&#8221;.<br><br>En gira de trabajo por Chihuahua, donde tom\u00f3 protesta a Secretarias y Secretarios Regionales, as\u00ed como a presidentas y presidentes de comit\u00e9s seccionales, el dirigente nacional del tricolor se\u00f1al\u00f3 que, a diferencia de los aspirantes a la candidatura del partido en el gobierno, las mejores propuestas y los mejores perfiles, con trabajo y trayectoria, est\u00e1n en el PRI y en la coalici\u00f3n &#8220;Va por M\u00e9xico&#8221;.<br><br>Acompa\u00f1ado por Graciela Ortiz Gonz\u00e1lez, Secretaria de Organizaci\u00f3n del CEN, y el Presidente del Comit\u00e9 Directivo Estatal del PRI, Alejandro Dom\u00ednguez, se\u00f1al\u00f3 adem\u00e1s que seguramente del lado de Morena &#8220;va a haber un dedazo. Va a ser una simulaci\u00f3n. Lo va a poner el presidente. Es un concurso de ver qui\u00e9n queda mejor con el que va a decidir. Pero, sin duda, as\u00ed como van, les va a ganar Ad\u00e1n&#8221;.<br><br>En conferencia de prensa, expuso que desde la alianza &#8220;nosotros vamos a construir una propuesta seria y responsable, que, sin duda, ser\u00e1 mejor que cualquiera de ellos&#8221;.<br><br>Explic\u00f3 que para el proceso electoral del 2024 el primer valor es la competitividad: &#8220;donde somos competitivos, el PRI va a encabezar; donde sea competitivo Acci\u00f3n Nacional, debe de encabezar; donde sea competitivo el Partido de la Revoluci\u00f3n Democr\u00e1tica, debe de encabezar&#8221;.<br><br>Ratific\u00f3 que para el estado se deben buscar los mejores perfiles y ver qui\u00e9nes son m\u00e1s competitivos, ya que el PRI gobierna en muchos municipios y ah\u00ed es donde est\u00e1 la fuerza del partido. &#8220;Con una coalici\u00f3n PAN-PRI-PRD en los municipios que tenemos, tiene que encabezar el PRI, y si vamos en una coalici\u00f3n, vamos a ser m\u00e1s potentes&#8221;, remarc\u00f3.<\/p>\n\n\n\n<p><br>Expuso que, con el prop\u00f3sito de construir acuerdos y consensos, los tres partidos &#8220;tenemos una mesa pol\u00edtica nacional y local&#8221;, para ver &#8220;los espacios de participaci\u00f3n pol\u00edtica y c\u00f3mo vamos a construir la coalici\u00f3n en el 2024 en todos los distritos federales, en todos los municipios, en las f\u00f3rmulas al Senado y en los distritos locales&#8221;.<\/p>\n","protected":false},"excerpt":{"rendered":"<p>Alejandro Moreno, dirigente nacional del PRI, dijo que de cara al 2024, lo m\u00e1s importante es pensar en M\u00e9xico y abrir una coalici\u00f3n amplia, a todos los partidos pol\u00edticos de oposici\u00f3n, para construir un gran frente pol\u00edtico con los ciudadanos y llegar en las mejores condiciones de competencia, para ganar. Se\u00f1al\u00f3 que hay que tener [&hellip;]<\/p>\n","protected":false},"author":81,"featured_media":222468,"comment_status":"closed","ping_status":"closed","sticky":false,"template":"","format":"standard","meta":{"footnotes":""},"categories":[15,36],"tags":[],"class_list":["post-250663","post","type-post","status-publish","format-standard","has-post-thumbnail","hentry","category-destacadas","category-nacion"],"_links":{"self":[{"href":"https:\/\/plazajuarez.mx\/historico\/wp-json\/wp\/v2\/posts\/250663","targetHints":{"allow":["GET"]}}],"collection":[{"href":"https:\/\/plazajuarez.mx\/historico\/wp-json\/wp\/v2\/posts"}],"about":[{"href":"https:\/\/plazajuarez.mx\/historico\/wp-json\/wp\/v2\/types\/post"}],"author":[{"embeddable":true,"href":"https:\/\/plazajuarez.mx\/historico\/wp-json\/wp\/v2\/users\/81"}],"replies":[{"embeddable":true,"href":"https:\/\/plazajuarez.mx\/historico\/wp-json\/wp\/v2\/comments?post=250663"}],"version-history":[{"count":0,"href":"https:\/\/plazajuarez.mx\/historico\/wp-json\/wp\/v2\/posts\/250663\/revisions"}],"wp:featuredmedia":[{"embeddable":true,"href":"https:\/\/plazajuarez.mx\/historico\/wp-json\/wp\/v2\/media\/222468"}],"wp:attachment":[{"href":"https:\/\/plazajuarez.mx\/historico\/wp-json\/wp\/v2\/media?parent=250663"}],"wp:term":[{"taxonomy":"category","embeddable":true,"href":"https:\/\/plazajuarez.mx\/historico\/wp-json\/wp\/v2\/categories?post=250663"},{"taxonomy":"post_tag","embeddable":true,"href":"https:\/\/plazajuarez.mx\/historico\/wp-json\/wp\/v2\/tags?post=250663"}],"curies":[{"name":"wp","href":"https:\/\/api.w.org\/{rel}","templated":true}]}}