{"id":250660,"date":"2023-02-18T14:12:52","date_gmt":"2023-02-18T20:12:52","guid":{"rendered":"https:\/\/plazajuarez.mx\/?p=250660"},"modified":"2023-02-18T14:13:01","modified_gmt":"2023-02-18T20:13:01","slug":"suicidio-causa-panico-en-centro-comercial-de-paris","status":"publish","type":"post","link":"https:\/\/plazajuarez.mx\/historico\/suicidio-causa-panico-en-centro-comercial-de-paris\/","title":{"rendered":"Suicidio causa p\u00e1nico en centro comercial de Par\u00eds"},"content":{"rendered":"\n<p>Un hombre de 35 a\u00f1os se suicid\u00f3 hoy s\u00e1bado por la tarde en el distrito de negocios de La D\u00e9fense, en Puteaux (Hauts-de-Seine).<br><br>France 3 Paris \u00cele-de-France report\u00f3 que el sujeto salt\u00f3 desde uno de los pisos del centro comercial Les 4 Temps, lo que ocasion\u00f3 un fuerte estruendo que provoc\u00f3 p\u00e1nico masivo y temores de un tirador activo.<\/p>\n\n\n\n<blockquote class=\"twitter-tweet\"><p lang=\"fr\" dir=\"ltr\">Un homme a ouvert le feu dans le centre commercial des 4 temps \u00e0 la d\u00e9fense mouvement de foule <a href=\"https:\/\/twitter.com\/hashtag\/Ladefense?src=hash&amp;ref_src=twsrc%5Etfw\">#Ladefense<\/a> <a href=\"https:\/\/twitter.com\/hashtag\/Fusillade?src=hash&amp;ref_src=twsrc%5Etfw\">#Fusillade<\/a> <a href=\"https:\/\/twitter.com\/hashtag\/Paris?src=hash&amp;ref_src=twsrc%5Etfw\">#Paris<\/a> <a href=\"https:\/\/twitter.com\/hashtag\/France?src=hash&amp;ref_src=twsrc%5Etfw\">#France<\/a> <a href=\"https:\/\/twitter.com\/hashtag\/Info?src=hash&amp;ref_src=twsrc%5Etfw\">#Info<\/a> <a href=\"https:\/\/twitter.com\/hashtag\/Video?src=hash&amp;ref_src=twsrc%5Etfw\">#Video<\/a> <a href=\"https:\/\/t.co\/ui57xgWOsm\">pic.twitter.com\/ui57xgWOsm<\/a><\/p>&mdash; Actu2dinguerie (@Actu2dinguerie) <a href=\"https:\/\/twitter.com\/Actu2dinguerie\/status\/1626985978861682692?ref_src=twsrc%5Etfw\">February 18, 2023<\/a><\/blockquote> <script async src=\"https:\/\/platform.twitter.com\/widgets.js\" charset=\"utf-8\"><\/script>\n\n\n\n<p><br><br>Im\u00e1genes de la multitud fueron difundidas en las redes sociales. Seg\u00fan un testigo, contactado por France Bleu Paris, un &#8220;gran ruido que recuerda a disparos&#8221; provoc\u00f3 este movimiento. Los clientes se quedaron atrincherados en las tiendas.<br><br>&#8220;Los servicios de polic\u00eda est\u00e1n en el lugar y est\u00e1n asegurando la escena &#8220;, anunci\u00f3 en Twitter la prefectura de polic\u00eda (PP) de Par\u00eds.<br><br>&#8220;Se est\u00e1 llevando a cabo una operaci\u00f3n policial en La D\u00e9fense. He pedido al prefecto de polic\u00eda que vaya all\u00ed &#8220;, confirm\u00f3 el ministro del Interior, G\u00e9rald Darmanin . El transporte fue interrumpido en la zona.<\/p>\n\n\n\n<blockquote class=\"twitter-tweet\"><p lang=\"fr\" dir=\"ltr\">Il se passe quoi \u00e0 La D\u00e9fense ? <a href=\"https:\/\/t.co\/84ttnUYOST\">pic.twitter.com\/84ttnUYOST<\/a><\/p>&mdash; Alexis Mlct (@MlctAlexis) <a href=\"https:\/\/twitter.com\/MlctAlexis\/status\/1626978339758931968?ref_src=twsrc%5Etfw\">February 18, 2023<\/a><\/blockquote> <script async src=\"https:\/\/platform.twitter.com\/widgets.js\" charset=\"utf-8\"><\/script>\n","protected":false},"excerpt":{"rendered":"<p>Un hombre de 35 a\u00f1os se suicid\u00f3 hoy s\u00e1bado por la tarde en el distrito de negocios de La D\u00e9fense, en Puteaux (Hauts-de-Seine). France 3 Paris \u00cele-de-France report\u00f3 que el sujeto salt\u00f3 desde uno de los pisos del centro comercial Les 4 Temps, lo que ocasion\u00f3 un fuerte estruendo que provoc\u00f3 p\u00e1nico masivo y temores [&hellip;]<\/p>\n","protected":false},"author":81,"featured_media":250661,"comment_status":"closed","ping_status":"closed","sticky":false,"template":"","format":"standard","meta":{"footnotes":""},"categories":[15,31],"tags":[],"class_list":["post-250660","post","type-post","status-publish","format-standard","has-post-thumbnail","hentry","category-destacadas","category-orbe"],"_links":{"self":[{"href":"https:\/\/plazajuarez.mx\/historico\/wp-json\/wp\/v2\/posts\/250660","targetHints":{"allow":["GET"]}}],"collection":[{"href":"https:\/\/plazajuarez.mx\/historico\/wp-json\/wp\/v2\/posts"}],"about":[{"href":"https:\/\/plazajuarez.mx\/historico\/wp-json\/wp\/v2\/types\/post"}],"author":[{"embeddable":true,"href":"https:\/\/plazajuarez.mx\/historico\/wp-json\/wp\/v2\/users\/81"}],"replies":[{"embeddable":true,"href":"https:\/\/plazajuarez.mx\/historico\/wp-json\/wp\/v2\/comments?post=250660"}],"version-history":[{"count":0,"href":"https:\/\/plazajuarez.mx\/historico\/wp-json\/wp\/v2\/posts\/250660\/revisions"}],"wp:featuredmedia":[{"embeddable":true,"href":"https:\/\/plazajuarez.mx\/historico\/wp-json\/wp\/v2\/media\/250661"}],"wp:attachment":[{"href":"https:\/\/plazajuarez.mx\/historico\/wp-json\/wp\/v2\/media?parent=250660"}],"wp:term":[{"taxonomy":"category","embeddable":true,"href":"https:\/\/plazajuarez.mx\/historico\/wp-json\/wp\/v2\/categories?post=250660"},{"taxonomy":"post_tag","embeddable":true,"href":"https:\/\/plazajuarez.mx\/historico\/wp-json\/wp\/v2\/tags?post=250660"}],"curies":[{"name":"wp","href":"https:\/\/api.w.org\/{rel}","templated":true}]}}